{"id":1700,"date":"2023-06-14T11:38:16","date_gmt":"2023-06-14T11:38:16","guid":{"rendered":"https:\/\/honorata-skarbek.com\/?p=1700"},"modified":"2023-06-14T11:38:34","modified_gmt":"2023-06-14T11:38:34","slug":"keramin-2","status":"publish","type":"post","link":"https:\/\/honorata-skarbek.com\/hu\/keramin-2\/","title":{"rendered":"Keramin kr\u00e9m tinea pedisre - \u00c1r, v\u00e9lem\u00e9nyek, \u00f6sszet\u00e9tel, v\u00e1s\u00e1rl\u00e1s helye, gy\u00f3gyszert\u00e1r, f\u00f3rum"},"content":{"rendered":"<div id=\"ez-toc-container\" class=\"ez-toc-v2_0_82_2 counter-hierarchy ez-toc-counter ez-toc-light-blue ez-toc-container-direction\">\n<p class=\"ez-toc-title\" style=\"cursor:inherit\">Tartalomjegyz\u00e9k<\/p>\n<label for=\"ez-toc-cssicon-toggle-item-69f4c8b00313e\" class=\"ez-toc-cssicon-toggle-label\"><span class=\"\"><span class=\"eztoc-hide\" style=\"display:none;\">Toggle<\/span><span class=\"ez-toc-icon-toggle-span\"><svg style=\"fill: #999;color:#999\" xmlns=\"http:\/\/www.w3.org\/2000\/svg\" class=\"list-377408\" width=\"20px\" height=\"20px\" viewbox=\"0 0 24 24\" fill=\"none\"><path d=\"M6 6H4v2h2V6zm14 0H8v2h12V6zM4 11h2v2H4v-2zm16 0H8v2h12v-2zM4 16h2v2H4v-2zm16 0H8v2h12v-2z\" fill=\"currentColor\"><\/path><\/svg><svg style=\"fill: #999;color:#999\" class=\"arrow-unsorted-368013\" xmlns=\"http:\/\/www.w3.org\/2000\/svg\" width=\"10px\" height=\"10px\" viewbox=\"0 0 24 24\" version=\"1.2\" baseprofile=\"tiny\"><path d=\"M18.2 9.3l-6.2-6.3-6.2 6.3c-.2.2-.3.4-.3.7s.1.5.3.7c.2.2.4.3.7.3h11c.3 0 .5-.1.7-.3.2-.2.3-.5.3-.7s-.1-.5-.3-.7zM5.8 14.7l6.2 6.3 6.2-6.3c.2-.2.3-.5.3-.7s-.1-.5-.3-.7c-.2-.2-.4-.3-.7-.3h-11c-.3 0-.5.1-.7.3-.2.2-.3.5-.3.7s.1.5.3.7z\"\/><\/svg><\/span><\/span><\/label><input type=\"checkbox\"  id=\"ez-toc-cssicon-toggle-item-69f4c8b00313e\" checked aria-label=\"Toggle\" \/><nav><ul class='ez-toc-list ez-toc-list-level-1' ><li class='ez-toc-page-1 ez-toc-heading-level-2'><a class=\"ez-toc-link ez-toc-heading-1\" href=\"https:\/\/honorata-skarbek.com\/hu\/keramin-2\/#Co_to_jest_keramin_krem\" >Mi az a keramin kr\u00e9m ?<\/a><\/li><li class='ez-toc-page-1 ez-toc-heading-level-2'><a class=\"ez-toc-link ez-toc-heading-2\" href=\"https:\/\/honorata-skarbek.com\/hu\/keramin-2\/#Jak_zwalczyc_grzybice_Czy_keramin_to_odpowiednie_rozwiazanie\" >Hogyan k\u00fczdhetek a gy\u0171r\u0171sf\u00e9reg ellen? A keramin a megfelel\u0151 megold\u00e1s?<\/a><\/li><li class='ez-toc-page-1 ez-toc-heading-level-2'><a class=\"ez-toc-link ez-toc-heading-3\" href=\"https:\/\/honorata-skarbek.com\/hu\/keramin-2\/#Keramin_Opinie\" >Keramin v\u00e9lem\u00e9nyek<\/a><\/li><li class='ez-toc-page-1 ez-toc-heading-level-2'><a class=\"ez-toc-link ez-toc-heading-4\" href=\"https:\/\/honorata-skarbek.com\/hu\/keramin-2\/#Keramin_krem_Cena\" >Keramin kr\u00e9m \u00c1r<\/a><\/li><li class='ez-toc-page-1 ez-toc-heading-level-2'><a class=\"ez-toc-link ez-toc-heading-5\" href=\"https:\/\/honorata-skarbek.com\/hu\/keramin-2\/#Keramin_krem_bezpieczenstwo_stosowania_przeciwskazania\" >Keramin kr\u00e9m biztons\u00e1goss\u00e1g, ellenjavallatok<\/a><\/li><li class='ez-toc-page-1 ez-toc-heading-level-2'><a class=\"ez-toc-link ez-toc-heading-6\" href=\"https:\/\/honorata-skarbek.com\/hu\/keramin-2\/#Czy_kazdy_moze_stosowac_krem_keramin\" >Mindenki haszn\u00e1lhatja a keramin kr\u00e9met?<\/a><\/li><li class='ez-toc-page-1 ez-toc-heading-level-2'><a class=\"ez-toc-link ez-toc-heading-7\" href=\"https:\/\/honorata-skarbek.com\/hu\/keramin-2\/#Jak_stosowac_krem_przeciwgrzybiczny_keramin_Instrukcja_aplikacji\" >Hogyan kell haszn\u00e1lni a keramin gombaellenes kr\u00e9met? P\u00e1ly\u00e1zati utas\u00edt\u00e1sok<\/a><\/li><li class='ez-toc-page-1 ez-toc-heading-level-2'><a class=\"ez-toc-link ez-toc-heading-8\" href=\"https:\/\/honorata-skarbek.com\/hu\/keramin-2\/#Jak_wyglada_skutecznosc_kuracji_z_keramin\" >Mennyire hat\u00e9kony a keramin kezel\u00e9s?<\/a><\/li><li class='ez-toc-page-1 ez-toc-heading-level-2'><a class=\"ez-toc-link ez-toc-heading-9\" href=\"https:\/\/honorata-skarbek.com\/hu\/keramin-2\/#Keramin_Sklad_%E2%80%93_Jakie_skladniki_zawiera_krem_na_grzybice\" >Keramin \u00d6sszet\u00e9tel - Milyen \u00f6sszetev\u0151ket tartalmaz a kr\u00e9m a mik\u00f3zis ellen ?<\/a><\/li><li class='ez-toc-page-1 ez-toc-heading-level-2'><a class=\"ez-toc-link ez-toc-heading-10\" href=\"https:\/\/honorata-skarbek.com\/hu\/keramin-2\/#Jak_Dziala_krem_przeciwgrzybiczny_czy_naprawde_zwalcza_grzybice\" >Hogyan hat a gomba\u00f6l\u0151 kr\u00e9m, t\u00e9nyleg lek\u00fczdi a f\u00e9reghajt\u00e1st?<\/a><\/li><li class='ez-toc-page-1 ez-toc-heading-level-2'><a class=\"ez-toc-link ez-toc-heading-11\" href=\"https:\/\/honorata-skarbek.com\/hu\/keramin-2\/#Keramin_krem_Efekty_stosowania_rezultaty\" >Keramin kr\u00e9m Hat\u00e1sok, eredm\u00e9nyek<\/a><\/li><li class='ez-toc-page-1 ez-toc-heading-level-2'><a class=\"ez-toc-link ez-toc-heading-12\" href=\"https:\/\/honorata-skarbek.com\/hu\/keramin-2\/#Gdzie_kupic_keramin_krem_Apteka_Strona_Producenta\" >Hol lehet v\u00e1s\u00e1rolni keramin kr\u00e9met? Gy\u00f3gyszert\u00e1r, a gy\u00e1rt\u00f3 honlapja<\/a><ul class='ez-toc-list-level-3' ><li class='ez-toc-heading-level-3'><a class=\"ez-toc-link ez-toc-heading-13\" href=\"https:\/\/honorata-skarbek.com\/hu\/keramin-2\/#Ile_musze_czekac_na_zamowienie_z_keraminCzy_keramin_jest_sprzedawany_na_recepte\" >Mennyit kell v\u00e1rnom, hogy rendelhessek a keraminb\u00f3l?A keramin v\u00e9nyk\u00f6teles?<\/a><\/li><li class='ez-toc-page-1 ez-toc-heading-level-3'><a class=\"ez-toc-link ez-toc-heading-14\" href=\"https:\/\/honorata-skarbek.com\/hu\/keramin-2\/#Czy_dostane_preparat_na_grzybice_stop_w_aptece\" >Kaphatok gy\u00f3gyszert\u00e1rban tinea pedis elleni k\u00e9sz\u00edtm\u00e9nyt?<\/a><\/li><li class='ez-toc-page-1 ez-toc-heading-level-3'><a class=\"ez-toc-link ez-toc-heading-15\" href=\"https:\/\/honorata-skarbek.com\/hu\/keramin-2\/#Co_daje_stosowanie_kremu_przeciwgrzybicznego\" >Mit kap egy gombaellenes kr\u00e9m haszn\u00e1lat\u00e1t\u00f3l<\/a><\/li><li class='ez-toc-page-1 ez-toc-heading-level-3'><a class=\"ez-toc-link ez-toc-heading-16\" href=\"https:\/\/honorata-skarbek.com\/hu\/keramin-2\/#Kto_moze_stosowac\" >Ki haszn\u00e1lhatja<\/a><\/li><li class='ez-toc-page-1 ez-toc-heading-level-3'><a class=\"ez-toc-link ez-toc-heading-17\" href=\"https:\/\/honorata-skarbek.com\/hu\/keramin-2\/#Czy_keramin_ma_naturalny_sklad\" >A keramin term\u00e9szetes \u00f6sszet\u00e9tel\u0171?<\/a><\/li><li class='ez-toc-page-1 ez-toc-heading-level-3'><a class=\"ez-toc-link ez-toc-heading-18\" href=\"https:\/\/honorata-skarbek.com\/hu\/keramin-2\/#Czy_moga_wystapic_jakies_skutki_uboczne\" >Lehetnek mell\u00e9khat\u00e1sok ?<\/a><\/li><li class='ez-toc-page-1 ez-toc-heading-level-3'><a class=\"ez-toc-link ez-toc-heading-19\" href=\"https:\/\/honorata-skarbek.com\/hu\/keramin-2\/#Ile_musze_czekac_na_zamowienie_kremu_keramin\" >Mennyit kell v\u00e1rnom a keramin kr\u00e9m rendel\u00e9s\u00e9re?<\/a><\/li><li class='ez-toc-page-1 ez-toc-heading-level-3'><a class=\"ez-toc-link ez-toc-heading-20\" href=\"https:\/\/honorata-skarbek.com\/hu\/keramin-2\/#Czy_moge_zaplacic_za_produkt_przy_odbiorze\" >Fizethetek a term\u00e9k\u00e9rt sz\u00e1ll\u00edt\u00e1skor?<\/a><\/li><\/ul><\/li><\/ul><\/nav><\/div>\n\n<div class=\"wp-block-media-text alignwide is-stacked-on-mobile\" style=\"grid-template-columns:15% auto\"><figure class=\"wp-block-media-text__media\"><a href=\"https:\/\/honorata-skarbek.com\/hu\/cbd\/\" target=\"_blank\" rel=\"noopener\"><img decoding=\"async\" width=\"417\" height=\"598\" src=\"https:\/\/honorata-skarbek.com\/wp-content\/uploads\/2022\/04\/Keramin.png\" alt=\"keramin\" class=\"wp-image-1788 size-full\" title=\"\" srcset=\"https:\/\/honorata-skarbek.com\/wp-content\/uploads\/2022\/04\/Keramin.png 417w, https:\/\/honorata-skarbek.com\/wp-content\/uploads\/2022\/04\/Keramin-209x300.png 209w, https:\/\/honorata-skarbek.com\/wp-content\/uploads\/2022\/04\/Keramin-8x12.png 8w\" sizes=\"(max-width: 417px) 100vw, 417px\" \/><\/a><\/figure><div class=\"wp-block-media-text__content\">\n<h2 class=\"wp-block-heading\"><span class=\"ez-toc-section\" id=\"Co_to_jest_keramin_krem\"><\/span>Mi az a keramin kr\u00e9m ?<span class=\"ez-toc-section-end\"><\/span><\/h2>\n\n\n\n<p><strong>Keramin kr\u00e9m a tinea pedis ellen<\/strong>. V\u00e9ny n\u00e9lk\u00fcl kaphat\u00f3, \u00e9s enyhe, term\u00e9szetes \u00f6sszet\u00e9tel\u00e9vel t\u0171nik ki. Azonban nagyon hat\u00e9kony a gy\u0171r\u0171sf\u00e9rgess\u00e9g ellen, \u00e9s a gy\u00e1rt\u00f3 szerint ez a kezel\u00e9s nem okozhat semmilyen negat\u00edv mell\u00e9khat\u00e1st. A ken\u0151cs alkalmaz\u00e1sa nagyon egyszer\u0171, \u00e9s minden esetben j\u00f3l m\u0171k\u00f6dik, f\u00fcggetlen\u00fcl att\u00f3l, hogy a betegs\u00e9g milyen el\u0151rehaladott \u00e1llapotban van, vagy milyen form\u00e1ban jelentkezik. Pontosan hogyan seg\u00edt a keramin kr\u00e9m megszabadulni ett\u0151l a rendk\u00edv\u00fcl kellemetlen \u00e9s k\u00ednos betegs\u00e9gt\u0151l? <strong><a href=\"https:\/\/honorata-skarbek.com\/hu\/cbd\/\" target=\"_blank\" rel=\"noreferrer noopener nofollow\">www.keramin.com<\/a><\/strong><\/p>\n<\/div><\/div>\n\n\n\n<div class=\"wp-block-buttons is-content-justification-center is-layout-flex wp-container-core-buttons-is-layout-16018d1d wp-block-buttons-is-layout-flex\">\n<div class=\"wp-block-button has-custom-width wp-block-button__width-75 has-custom-font-size has-medium-font-size\"><a class=\"wp-block-button__link has-background wp-element-button\" href=\"https:\/\/honorata-skarbek.com\/hu\/cbd\/\" style=\"background-color:#f82e2e\" target=\"_blank\" rel=\"noreferrer noopener\">A gy\u00e1rt\u00f3 honlapja<\/a><\/div>\n<\/div>\n\n\n\n<h2 class=\"wp-block-heading\"><span class=\"ez-toc-section\" id=\"Jak_zwalczyc_grzybice_Czy_keramin_to_odpowiednie_rozwiazanie\"><\/span>Hogyan k\u00fczdhetek a gy\u0171r\u0171sf\u00e9reg ellen? A keramin a megfelel\u0151 megold\u00e1s?<span class=\"ez-toc-section-end\"><\/span><\/h2>\n\n\n\n<p>A Tinea pedis egy fert\u0151z\u0151 betegs\u00e9g, amelyet a k\u00f6vetkez\u0151k okoznak <a href=\"https:\/\/www.ncbi.nlm.nih.gov\/pmc\/articles\/PMC4109575\/\" target=\"_blank\" rel=\"noreferrer noopener\">a dermatophyt\u00e1k nemzets\u00e9g\u00e9be tartoz\u00f3 gomb\u00e1k<\/a>. A betegs\u00e9g kialakul\u00e1s\u00e1\u00e9rt felel\u0151s fajok sz\u00e1ma t\u00f6bb mint sz\u00e1z, de a gy\u00e1rt\u00f3 szerint a keramin k\u00e9pes a l\u00e1bak b\u0151r\u00e9t \u00e9s k\u00f6rmeit megt\u00e1mad\u00f3 gomb\u00e1k minden t\u00edpusa ellen harcolni. A mik\u00f3zis a test k\u00fcl\u00f6nb\u00f6z\u0151 r\u00e9szein jelentkezhet, de leggyakrabban a l\u00e1bakon alakul ki. Mi\u00e9rt? <\/p>\n\n\n\n<p>A gomb\u00e1knak k\u00fcl\u00f6nleges k\u00f6r\u00fclm\u00e9nyekre van sz\u00fcks\u00e9g\u00fck a tov\u00e1bbi fejl\u0151d\u00e9shez, mindenekel\u0151tt h\u0151re \u00e9s nedvess\u00e9gre, \u00e9s gyakorlatilag \u00e1lland\u00f3an cip\u0151ben j\u00e1rva a l\u00e1bak nem h\u0171lnek j\u00f3l, izzadnak, \u00e9s alig t\u00f6rt\u00e9nik l\u00e9gcsere. Nem v\u00e9letlen, hogy a vil\u00e1g azon r\u00e9szein, ahol f\u0151leg mez\u00edtl\u00e1b vagy k\u00f6nny\u0171 szand\u00e1lban j\u00e1rnak, sokkal kevesebb tinea pedis esetet regisztr\u00e1lnak.<\/p>\n\n\n<div class=\"wp-block-image\">\n<figure class=\"aligncenter size-full\"><img decoding=\"async\" width=\"492\" height=\"328\" src=\"https:\/\/honorata-skarbek.com\/wp-content\/uploads\/2022\/03\/cbdus-opinioni.jpg\" alt=\"keramin kr\u00e9m tinea pedisre\" class=\"wp-image-1705\" title=\"\" srcset=\"https:\/\/honorata-skarbek.com\/wp-content\/uploads\/2022\/03\/cbdus-opinioni.jpg 492w, https:\/\/honorata-skarbek.com\/wp-content\/uploads\/2022\/03\/cbdus-opinioni-300x200.jpg 300w, https:\/\/honorata-skarbek.com\/wp-content\/uploads\/2022\/03\/cbdus-opinioni-18x12.jpg 18w\" sizes=\"(max-width: 492px) 100vw, 492px\" \/><\/figure>\n<\/div>\n\n\n<p>A betegs\u00e9get okoz\u00f3 gomb\u00e1kkal val\u00f3 \u00e9rintkez\u00e9s nem mindig v\u00e9gz\u0151dik fert\u0151z\u00e9ssel, mivel a b\u0151r el\u00e9g j\u00f3l v\u00e9dekezik a hasonl\u00f3 fenyeget\u00e9sekkel szemben. Ha azonban a b\u0151r s\u00e9r\u00fclt, \u00e9s az immunit\u00e1s nem el\u00e9g er\u0151s, megn\u0151 a gy\u0171r\u0171sf\u00e9reg kialakul\u00e1s\u00e1nak val\u00f3sz\u00edn\u0171s\u00e9ge.<\/p>\n\n\n\n<p><strong>A keramin nagyon j\u00f3 a gy\u0171r\u0171sf\u00e9reg elt\u00e1vol\u00edt\u00e1s\u00e1ban. A k\u00e9sz\u00edtm\u00e9ny m\u00e9lyen behatol a b\u0151rbe, \u00e9s a betegs\u00e9g forr\u00e1sa ellen k\u00fczd. Alkalmas mind a mik\u00f3zis akut form\u00e1iban, mind a kr\u00f3nikus, szezon\u00e1lisan visszat\u00e9r\u0151 fert\u0151z\u00e9sekben val\u00f3 alkalmaz\u00e1sra. A f\u0151 kezel\u00e9s befejez\u00e9se ut\u00e1n is haszn\u00e1lhat\u00f3, mivel a gy\u00f3gym\u00f3dnak megel\u0151z\u0151 szerepe is van - er\u0151s\u00edti a b\u0151rt, jav\u00edtja az immunit\u00e1st \u00e9s megel\u0151zi a tov\u00e1bbi fert\u0151z\u00e9seket.<\/strong><\/p>\n\n\n\n<h2 class=\"wp-block-heading\"><span class=\"ez-toc-section\" id=\"Keramin_Opinie\"><\/span>Keramin v\u00e9lem\u00e9nyek<span class=\"ez-toc-section-end\"><\/span><\/h2>\n\n\n\n<p><strong>Mit mondanak a keramin felhaszn\u00e1l\u00f3k? Mik a v\u00e9lem\u00e9nyek, \u00e9szrev\u00e9telek a szakemberek f\u00f3rum\u00e1n? <\/strong><\/p>\n\n\n\n<blockquote class=\"wp-block-quote is-layout-flow wp-block-quote-is-layout-flow\">\n<p>\"Amit nem tettem, hogy megszabaduljak a mik\u00f3zist\u00f3l... K\u00fcl\u00f6nb\u00f6z\u0151 ken\u0151cs\u00f6k, kr\u00e9mek, g\u0151zpakol\u00e1sok, gy\u00f3gyn\u00f6v\u00e9nyes borogat\u00e1sok. Volt javul\u00e1s, de csak \u00e1tmeneti, majd a t\u00fcnetek visszat\u00e9rtek. Ker\u00fcltem az orvosokat, mert f\u00e9ltem, hogy azonnal antibiotikumot kapok, de amikor semmi sem seg\u00edtett, \u00fagy t\u0171nt, hogy nem tudom tov\u00e1bb ker\u00fclni az antibiotikumokat. Az utols\u00f3 es\u00e9lyem a keramin volt, amit egy bar\u00e1tomt\u00f3l kaptam. A kr\u00e9m nekem is bev\u00e1lt, \u00e9s b\u00e1rcsak kor\u00e1bban tudtam volna r\u00f3la.\"<\/p>\n<\/blockquote>\n\n\n\n<blockquote class=\"wp-block-quote is-layout-flow wp-block-quote-is-layout-flow\">\n<p><strong>\"K\u00f6r\u00fclbel\u00fcl egy h\u00f3napig haszn\u00e1ltam a Keramint. B\u00e1r el\u00e9g s\u00falyos gy\u0171r\u0171sfoltoss\u00e1gom volt, ez el\u00e9g volt ahhoz, hogy a betegs\u00e9g elt\u0171nj\u00f6n. Most m\u00e1r nem sz\u00e9gyellem a l\u00e1bam, \u00e9s megel\u0151z\u00e9sk\u00e9ppen haszn\u00e1lom a kr\u00e9met, \u00edgy nem tapasztaltam ki\u00fajul\u00e1st.\"<\/strong><\/p>\n<\/blockquote>\n\n\n\n<blockquote class=\"wp-block-quote is-layout-flow wp-block-quote-is-layout-flow\">\n<p>\"A t\u0171zolt\u00f3s\u00e1gon dolgozom, a be\u00e9p\u00edtett, neh\u00e9z csizm\u00e1k visel\u00e9se mindennapos a munk\u00e1m sor\u00e1n. Megel\u0151z\u0151leg haszn\u00e1ltam ott valamit a gy\u0171r\u0171sf\u00e9regre, de v\u00e9g\u00fcl megbetegedtem. Az interneten tal\u00e1ltam r\u00e1 a Keraminra, amely term\u00e9szetes \u00f6sszetev\u0151kb\u0151l k\u00e9sz\u00fclt, \u00e9s gyorsan meggy\u0151z\u00f6tt. Az\u00f3ta ez a ken\u0151cs \u00e1lland\u00f3an ott van a gy\u00f3gyszeres szekr\u00e9nyemben.\"<\/p>\n<\/blockquote>\n\n\n\n<h2 class=\"wp-block-heading\"><span class=\"ez-toc-section\" id=\"Keramin_krem_Cena\"><\/span>Keramin kr\u00e9m \u00c1r<span class=\"ez-toc-section-end\"><\/span><\/h2>\n\n\n\n<div class=\"wp-block-media-text alignwide is-stacked-on-mobile\" style=\"grid-template-columns:16% auto\"><figure class=\"wp-block-media-text__media\"><a href=\"https:\/\/honorata-skarbek.com\/hu\/cbd\/\" target=\"_blank\" rel=\"noopener\"><img decoding=\"async\" width=\"417\" height=\"598\" src=\"https:\/\/honorata-skarbek.com\/wp-content\/uploads\/2022\/04\/Keramin-1.png\" alt=\"keramin \u00e1r, mennyibe ker\u00fcl, hol lehet megvenni\" class=\"wp-image-1789 size-full\" title=\"\" srcset=\"https:\/\/honorata-skarbek.com\/wp-content\/uploads\/2022\/04\/Keramin-1.png 417w, https:\/\/honorata-skarbek.com\/wp-content\/uploads\/2022\/04\/Keramin-1-209x300.png 209w, https:\/\/honorata-skarbek.com\/wp-content\/uploads\/2022\/04\/Keramin-1-8x12.png 8w\" sizes=\"(max-width: 417px) 100vw, 417px\" \/><\/a><\/figure><div class=\"wp-block-media-text__content\">\n<p><strong>Mennyibe ker\u00fcl egy csomag keramin? A keramin \u00e1r\u00e1t cs\u00f6kkentett\u00e9k, \u00e9s k\u00fcl\u00f6nleges aj\u00e1nlatokban v\u00e1s\u00e1rolhatja meg. Egy csomag k\u00f6r\u00fclbel\u00fcl egy h\u00f3napos haszn\u00e1latra elegend\u0151, att\u00f3l f\u00fcgg\u0151en, hogy mennyire el\u0151rehaladott a mik\u00f3zis. A ken\u0151cs megv\u00e1s\u00e1rl\u00e1s\u00e1t nem kell el\u0151re kifizetnie - ha k\u00f6zvetlen\u00fcl a gy\u00e1rt\u00f3t\u00f3l v\u00e1s\u00e1rol, lehet\u0151s\u00e9ge van az \"ut\u00e1nv\u00e9tes\" opci\u00f3t ig\u00e9nybe venni, de csak belf\u00f6ldi megrendel\u00e9sek eset\u00e9n.<\/strong><\/p>\n<\/div><\/div>\n\n\n\n<div class=\"wp-block-buttons is-content-justification-center is-layout-flex wp-container-core-buttons-is-layout-16018d1d wp-block-buttons-is-layout-flex\">\n<div class=\"wp-block-button has-custom-width wp-block-button__width-50 has-custom-font-size has-medium-font-size\"><a class=\"wp-block-button__link has-background wp-element-button\" href=\"https:\/\/honorata-skarbek.com\/hu\/cbd\/\" style=\"background-color:#db0d0d\" target=\"_blank\" rel=\"noreferrer noopener\">Rendelje meg most<\/a><\/div>\n<\/div>\n\n\n\n<h2 class=\"wp-block-heading\"><span class=\"ez-toc-section\" id=\"Keramin_krem_bezpieczenstwo_stosowania_przeciwskazania\"><\/span>Keramin kr\u00e9m biztons\u00e1goss\u00e1g, ellenjavallatok<span class=\"ez-toc-section-end\"><\/span><\/h2>\n\n\n\n<p>Vesz\u00e9lyes lehet a keratitis az eg\u00e9szs\u00e9gre? A gy\u0171r\u0171sf\u00e9rgess\u00e9g kezel\u00e9se t\u00f6bbf\u00e9lek\u00e9ppen is elv\u00e9gezhet\u0151. Az ilyen betegek gyakran sz\u00e1jon \u00e1t szedhet\u0151 gy\u00f3gyszereket kapnak, amelyeknek bizonyos mell\u00e9khat\u00e1sai lehetnek, amelyek nagyon k\u00e1rosak az eg\u00e9szs\u00e9gre. Az antibiotikus ter\u00e1pi\u00e1k szint\u00e9n vesz\u00e9lyt jelentenek, mivel ezek az eg\u00e9szs\u00e9ges bakt\u00e9riumfl\u00f3r\u00e1t is elpuszt\u00edtj\u00e1k. A tinea pedis eset\u00e9ben hat\u00e1rozottan jobb megold\u00e1s a helyi kezel\u00e9s, azaz az \u00e9rintett b\u0151rfel\u00fclet speci\u00e1lis \u00f6sszet\u00e9tel\u0171 ken\u0151ccsel val\u00f3 beken\u00e9se.<\/p>\n\n\n\n<div class=\"wp-block-media-text alignwide is-stacked-on-mobile\" style=\"grid-template-columns:18% auto\"><figure class=\"wp-block-media-text__media\"><a href=\"https:\/\/honorata-skarbek.com\/hu\/cbd\/\" target=\"_blank\" rel=\"noopener\"><img decoding=\"async\" width=\"200\" height=\"200\" src=\"https:\/\/honorata-skarbek.com\/wp-content\/uploads\/2022\/03\/preparat-na-grzybice-stop.gif\" alt=\"keramin hat\u00e1s, biztons\u00e1gi haszn\u00e1lat\" class=\"wp-image-1707 size-full\" title=\"\"><\/a><\/figure><div class=\"wp-block-media-text__content\">\n<p><strong>A keramin kr\u00e9m biztons\u00e1gos, b\u0151rbar\u00e1t formul\u00e1val b\u00fcszk\u00e9lkedhet. Nem fokozza az irrit\u00e1ci\u00f3t, nem okoz f\u00e1jdalmat \u00e9s nem lass\u00edtja a sebgy\u00f3gyul\u00e1st. A ken\u0151cs haszn\u00e1lata teljesen biztons\u00e1gos \u00e9s mell\u00e9khat\u00e1sokt\u00f3l mentes, \u00e9s a kezel\u00e9s orvosi fel\u00fcgyelet n\u00e9lk\u00fcl is elv\u00e9gezhet\u0151.<\/strong> <strong><a href=\"https:\/\/honorata-skarbek.com\/hu\/cbd\/\" target=\"_blank\" rel=\"noreferrer noopener nofollow\">www.keramin.com<\/a><\/strong><\/p>\n<\/div><\/div>\n\n\n\n<h2 class=\"wp-block-heading\"><span class=\"ez-toc-section\" id=\"Czy_kazdy_moze_stosowac_krem_keramin\"><\/span>Mindenki haszn\u00e1lhatja a keramin kr\u00e9met?<span class=\"ez-toc-section-end\"><\/span><\/h2>\n\n\n\n<p>A Keramin ink\u00e1bb nem adhat\u00f3 gyermekeknek, kiv\u00e9ve, ha el\u0151zetesen orvoshoz fordultak a gy\u0171r\u0171sf\u00e9rgess\u00e9g e k\u00e9sz\u00edtm\u00e9nnyel t\u00f6rt\u00e9n\u0151 kezel\u00e9s\u00e9re. A ken\u0151cs haszn\u00e1lata terhess\u00e9g \u00e9s szoptat\u00e1s alatt is nem javasolt, ami minden gy\u00f3gyszer vagy \u00e9trend-kieg\u00e9sz\u00edt\u0151 eset\u00e9ben szok\u00e1sos aj\u00e1nl\u00e1s. Az alkalmaz\u00e1snak csak egy ellenjavallata van, \u00e9s ez a ken\u0151cs \u00f6sszetev\u0151ire val\u00f3 esetleges allergi\u00e1ra vonatkozik, ami azonban nagyon ritka esetekre vonatkozik - a term\u00e9kben haszn\u00e1lt n\u00f6v\u00e9nyek nem allerg\u00e9n hat\u00e1s\u00faak.<\/p>\n\n\n\n<p>Honnan tudja, hogy mikor van itt az ideje a keramin ken\u0151cs alkalmaz\u00e1s\u00e1nak? A gy\u0171r\u0171sf\u00e9rget nagyon neh\u00e9z kihagyni, val\u00f3j\u00e1ban mindig egy\u00e9rtelm\u0171 t\u00fcneteket produk\u00e1l. \u00c1ltal\u00e1ban a talpakat t\u00e1madja meg, ami a b\u0151r felsz\u00edn\u00e9n feh\u00e9r, meszes bevonattal jelentkezik, \u00e9s gyakran a l\u00e1bujjak k\u00f6z\u00f6tti t\u00e9rben alakul ki. A tinea pedis t\u00fcnete lehet a b\u0151r nagym\u00e9ret\u0171 kerat\u00f3zisa is, k\u00fcl\u00f6n\u00f6sen a sarkakon, erre a l\u00e1bak b\u0151re hajlamos a b\u0151rp\u00edrra, \u00e9g\u00e9sre, viszket\u00e9sre, repedez\u00e9sre \u00e9s t\u00falzott h\u00e1ml\u00e1sra. <\/p>\n\n\n\n<p>A gomb\u00e1sod\u00e1s gyakran \u00e1tterjed a b\u0151rr\u0151l a k\u00f6r\u00f6mlemezre, ami szint\u00e9n azonnal \u00e9szrevehet\u0151 - a k\u00f6rm\u00f6k elkezdenek hasadni \u00e9s repedezni, s\u00e1rgulnak, a fel\u00fclet\u00fck megvastagszik, a k\u00f6r\u00f6m k\u00f6r\u00fcl a b\u0151r v\u00f6r\u00f6s \u00e9s enyh\u00e9n duzzadt lehet.<\/p>\n\n\n\n<h2 class=\"wp-block-heading\"><span class=\"ez-toc-section\" id=\"Jak_stosowac_krem_przeciwgrzybiczny_keramin_Instrukcja_aplikacji\"><\/span>Hogyan kell haszn\u00e1lni a keramin gombaellenes kr\u00e9met? P\u00e1ly\u00e1zati utas\u00edt\u00e1sok<span class=\"ez-toc-section-end\"><\/span><\/h2>\n\n\n\n<p><em><strong>Az alkalmaz\u00e1s trivi\u00e1lis. Vigyen fel egy kis mennyis\u00e9get az \u00e9rintett b\u0151rfel\u00fcletre, \u00e9s finoman kenje el, majd hagyja teljesen megsz\u00e1radni. A Keramin kr\u00e9m naponta alkalmazhat\u00f3, de csak a betegt\u00e1j\u00e9koztat\u00f3ban le\u00edrt megengedett mennyis\u00e9gben. A ken\u0151cs nem tartalmaz irrit\u00e1l\u00f3 \u00f6sszetev\u0151ket, \u00edgy m\u00e9g akkor is kenheti az \u00e9rintett ter\u00fcletekre, ha a b\u0151r repedezett \u00e9s h\u00e1mlik, de d\u00f6rzs\u00f6l\u00e9s n\u00e9lk\u00fcl, hogy ne s\u00falyosb\u00edtsa a t\u00fcneteket. A term\u00e9k kellemes, k\u00f6nny\u0171 \u00e1llag\u00fa \u00e9s kellemes illat\u00fa, nem hagy foltot a ruh\u00e1kon \u00e9s nem okoz allergi\u00e1t.<\/strong><\/em><\/p>\n\n\n\n<p>A keramint rendszeresen haszn\u00e1lhatja, a gomb\u00e1sod\u00e1s gy\u00f3gy\u00edt\u00e1sa ut\u00e1n is - az eg\u00e9szs\u00e9ges b\u0151r\u00f6n alkalmazva tov\u00e1bbi v\u00e9delmet ny\u00fajt a fert\u0151z\u00e9sek \u00e9s a gomb\u00e1sod\u00e1s \u00fajb\u00f3li kialakul\u00e1sa ellen. \u00c9rdemes a kr\u00e9m alkalmaz\u00e1s\u00e1t m\u00e1s gy\u00f3gy\u00edt\u00f3 int\u00e9zked\u00e9sekkel kombin\u00e1lni, mint p\u00e9ld\u00e1ul j\u00f3 min\u0151s\u00e9g\u0171 zokni visel\u00e9se, szell\u0151s cip\u0151 v\u00e1s\u00e1rl\u00e1sa, a l\u00e1bak mindig sz\u00e1razon tart\u00e1sa, vannak hasonl\u00f3an hat\u00e9kony k\u00e9sz\u00edtm\u00e9nyek is, mint a <a href=\"https:\/\/honorata-skarbek.com\/hu\/veniselle-2\/\" data-type=\"post\" data-id=\"1092\" target=\"_blank\" rel=\"noreferrer noopener\">veniselle kr\u00e9m<\/a>.<\/p>\n\n\n\n<h2 class=\"wp-block-heading\"><span class=\"ez-toc-section\" id=\"Jak_wyglada_skutecznosc_kuracji_z_keramin\"><\/span>Mennyire hat\u00e9kony a keramin kezel\u00e9s?<span class=\"ez-toc-section-end\"><\/span><\/h2>\n\n\n\n<p>A Keramin ken\u0151cs\u00f6t m\u00e1r nagyon sok beteg \u00e9rt\u00e9kelte. Fogyaszt\u00f3i tesztek is meger\u0151s\u00edtett\u00e9k, hogy a l\u00e1bgomba szinte minden eset\u00e9re hat\u00e9kony megold\u00e1s, \u00e9s m\u00e9g a b\u0151rgy\u00f3gy\u00e1szok is sz\u00edvesen aj\u00e1nlj\u00e1k p\u00e1cienseiknek.A gomba kialakul\u00e1s\u00e1nak minden szakasz\u00e1ban seg\u00edt, \u00e9s akkor is hat\u00e9kony, ha a fert\u0151z\u00e9s a k\u00f6rm\u00f6ket t\u00e1madja meg.<\/p>\n\n\n\n<h2 class=\"wp-block-heading\"><span class=\"ez-toc-section\" id=\"Keramin_Sklad_%E2%80%93_Jakie_skladniki_zawiera_krem_na_grzybice\"><\/span>Keramin \u00d6sszet\u00e9tel - Milyen \u00f6sszetev\u0151ket tartalmaz a kr\u00e9m a mik\u00f3zis ellen ?<span class=\"ez-toc-section-end\"><\/span><\/h2>\n\n\n\n<p><strong>Mit tartalmaz a keramin ken\u0151cs? A k\u00e9sz\u00edtm\u00e9ny h\u00e1rom f\u0151 hat\u00f3anyaga: kendermagolaj, ginzeng, lila f\u0171zfa k\u00e9reg.<\/strong><\/p>\n\n\n\n<p><strong>Ezeknek az \u00f6sszetev\u0151knek a kiv\u00e1laszt\u00e1sa a mik\u00f3zis \u00e9s a kezel\u00e9s\u00e9nek m\u00f3dszerei ter\u00e9n v\u00e9gzett sok\u00e9ves kutat\u00e1s eredm\u00e9nye. Meger\u0151s\u00edt\u00e9st nyert, hogy egyes n\u00f6v\u00e9nyi kivonatok megfelel\u0151en kiv\u00e1lasztott d\u00f3zisban megsz\u00fcntetik a mik\u00f3zis okait \u00e9s felgyors\u00edtj\u00e1k a kezel\u00e9st, nagyon j\u00f3 \u00e9s f\u0151leg tart\u00f3s hat\u00e1st biztos\u00edtva.<\/strong><\/p>\n\n\n\n<ol class=\"wp-block-list\">\n<li>A kendermagolaj az\u00e9rt ker\u00fclt a keraminokba, mert milyen j\u00f3l teljes\u00edt a sejtek regener\u00e1l\u00e1s\u00e1ban \u00e9s a sz\u00f6vetek fert\u0151z\u00e9seinek lek\u00fczd\u00e9s\u00e9ben. Ezenk\u00edv\u00fcl f\u00e1jdalomcsillap\u00edt\u00f3 \u00e9s gyullad\u00e1scs\u00f6kkent\u0151 tulajdons\u00e1gokkal rendelkezik, t\u00e1panyagokat biztos\u00edt, csillap\u00edtja az irrit\u00e1ci\u00f3t \u00e9s felgyors\u00edtja a b\u0151r gy\u00f3gyul\u00e1s\u00e1t, puh\u00e1bb\u00e1 \u00e9s sim\u00e1bb\u00e1 t\u00e9ve azt.<\/li>\n\n\n\n<li>A f\u0171zfak\u00e9reg-kivonat megsz\u00fcnteti a fert\u0151z\u00e9si g\u00f3cokat, <a href=\"https:\/\/honorata-skarbek.com\/hu\/exodermin\/\" data-type=\"post\" data-id=\"203\" target=\"_blank\" rel=\"noreferrer noopener\">k\u00fczd a gomb\u00e1k ellen<\/a> \u00e9s meg\u00e1ll\u00edtja a betegs\u00e9g kialakul\u00e1s\u00e1t. F\u00e1jdalomcsillap\u00edt\u00f3 hat\u00e1s\u00fa, csillap\u00edtja a b\u0151r \u00e9g\u0151 \u00e9s viszket\u0151 \u00e9rz\u00e9s\u00e9t, ennek k\u00f6sz\u00f6nhet\u0151en a l\u00e1bak visszanyerik megfelel\u0151 sz\u00edn\u00fcket \u00e9s a b\u0151r sim\u00e1bb\u00e1 v\u00e1lik. A f\u0171zfak\u00e9reg megakad\u00e1lyozza a b\u0151rkerat\u00f3zist \u00e9s jav\u00edtja a k\u00f6r\u00f6mlemez szerkezet\u00e9t. <\/li>\n\n\n\n<li>A ginzeng kivonat hasonl\u00f3 hat\u00e1ssal rendelkezik, azaz k\u00fczd a f\u00e1jdalommal, elt\u00e1vol\u00edtja a fert\u0151z\u00e9seket okoz\u00f3 gomb\u00e1kat, jav\u00edtja a b\u0151r regener\u00e1l\u00f3d\u00e1s\u00e1t. Ezenk\u00edv\u00fcl pozit\u00edv hat\u00e1ssal van a b\u0151r v\u00e9rell\u00e1t\u00e1s\u00e1ra \u00e9s k\u00fczd a szabad gy\u00f6k\u00f6k ellen. Az immunrendszer sz\u00e1m\u00e1ra is fontos, aminek k\u00f6sz\u00f6nhet\u0151en jelent\u0151sen cs\u00f6kken a gomb\u00e1kkal val\u00f3 \u00fajrafert\u0151z\u0151d\u00e9s kock\u00e1zata.<\/li>\n<\/ol>\n\n\n\n<h2 class=\"wp-block-heading\"><span class=\"ez-toc-section\" id=\"Jak_Dziala_krem_przeciwgrzybiczny_czy_naprawde_zwalcza_grzybice\"><\/span>Hogyan hat a gomba\u00f6l\u0151 kr\u00e9m, t\u00e9nyleg lek\u00fczdi a f\u00e9reghajt\u00e1st?<span class=\"ez-toc-section-end\"><\/span><\/h2>\n\n\n\n<p><em>A keraminok legfontosabb feladata a fert\u0151z\u00e9s forr\u00e1s\u00e1nak elt\u00e1vol\u00edt\u00e1sa \u00e9s a betegs\u00e9get okoz\u00f3 gomb\u00e1k kiirt\u00e1sa, ahogyan a <a href=\"https:\/\/honorata-skarbek.com\/hu\/fungostop\/\" data-type=\"post\" data-id=\"1170\" target=\"_blank\" rel=\"noreferrer noopener\">fungostop+<\/a>. A kr\u00e9m ezt hat\u00e9konyan, de ugyanakkor k\u00edm\u00e9letesen teszi, \u00edgy a kezel\u00e9s sor\u00e1n nem jelentkeznek a szervezetben k\u00e1ros reakci\u00f3k.Cs\u00f6kkenti a b\u0151rp\u00edrt \u00e9s irrit\u00e1ci\u00f3t, valamint megsz\u00fcnteti a h\u00e1ml\u00e1st \u00e9s a repedez\u00e9st.<\/em><\/p>\n\n\n<div class=\"wp-block-image\">\n<figure class=\"aligncenter size-full is-resized\"><img decoding=\"async\" src=\"https:\/\/honorata-skarbek.com\/wp-content\/uploads\/2022\/02\/Veniselle-efekty.jpg\" alt=\"keramin kr\u00e9m \u00f6sszet\u00e9tele, minden \u00f6sszetev\u0151\" class=\"wp-image-1099\" width=\"375\" height=\"375\" title=\"\" srcset=\"https:\/\/honorata-skarbek.com\/wp-content\/uploads\/2022\/02\/Veniselle-efekty.jpg 750w, https:\/\/honorata-skarbek.com\/wp-content\/uploads\/2022\/02\/Veniselle-efekty-300x300.jpg 300w, https:\/\/honorata-skarbek.com\/wp-content\/uploads\/2022\/02\/Veniselle-efekty-150x150.jpg 150w\" sizes=\"(max-width: 375px) 100vw, 375px\" \/><\/figure>\n<\/div>\n\n\n<p>A keramin megel\u0151z\u0151 hat\u00e1s\u00fa is, cs\u00f6kkenti a l\u00e1b izzad\u00e1s\u00e1t, ami a mik\u00f3zis kialakul\u00e1s\u00e1hoz hozz\u00e1j\u00e1rul\u00f3 egyik t\u00e9nyez\u0151. Megakad\u00e1lyozza a b\u0151rkem\u00e9nyed\u00e9sek megjelen\u00e9s\u00e9t, kisim\u00edtja \u00e9s puh\u00edtja a b\u0151rt, jav\u00edtja a l\u00e1bk\u00f6rm\u00f6k megjelen\u00e9s\u00e9t.<\/p>\n\n\n\n<div class=\"wp-block-buttons is-content-justification-center is-layout-flex wp-container-core-buttons-is-layout-16018d1d wp-block-buttons-is-layout-flex\">\n<div class=\"wp-block-button has-custom-width wp-block-button__width-50 has-custom-font-size has-medium-font-size\"><a class=\"wp-block-button__link has-background wp-element-button\" href=\"https:\/\/honorata-skarbek.com\/hu\/cbd\/\" style=\"background-color:#db0d0d\" target=\"_blank\" rel=\"noreferrer noopener\">Rendelje meg most<\/a><\/div>\n<\/div>\n\n\n\n<h2 class=\"wp-block-heading\"><span class=\"ez-toc-section\" id=\"Keramin_krem_Efekty_stosowania_rezultaty\"><\/span>Keramin kr\u00e9m Hat\u00e1sok, eredm\u00e9nyek<span class=\"ez-toc-section-end\"><\/span><\/h2>\n\n\n\n<p><em>Mi\u00e9rt \u00e9rdemes keramint haszn\u00e1lni? Milyen hat\u00e1st v\u00e1lt ki a kezel\u00e9s? A gy\u0171r\u0171sf\u00e9rgess\u00e9get nem csak az\u00e9rt kell kezelni, mert az \u00e9rintett l\u00e1bak cs\u00fany\u00e1n n\u00e9znek ki. A kezeletlen gomb\u00e1sod\u00e1s \u00e1tterjedhet m\u00e1s szervekre, \u00e9s gyakran az ilyen fert\u0151z\u00e9sek s\u00falyosb\u00edtj\u00e1k m\u00e1s betegs\u00e9gek, p\u00e9ld\u00e1ul az asztma vagy a cukorbetegs\u00e9g t\u00fcneteit. A kr\u00e9mnek k\u00f6sz\u00f6nhet\u0151en a l\u00e1bak visszanyerik sz\u00e9p megjelen\u00e9s\u00fcket, \u00e9s nem kell sz\u00e9gyellni a mez\u00edtl\u00e1b vagy nyitott cip\u0151ben j\u00e1r\u00e1st. A l\u00e1b izzad\u00e1sa cs\u00f6kken, a kellemetlen szag elt\u0171nik, a b\u0151r sima \u00e9s kellemes tapint\u00e1s\u00fa, nem sz\u00e1rad ki, nem repedezik \u00e9s nem vastagodik meg a sarkakon.<\/em><\/p>\n\n\n\n<p>A Keramin k\u00e9pes elt\u00e1vol\u00edtani a betegs\u00e9get okoz\u00f3 gomb\u00e1k minden t\u00edpus\u00e1t. Serkenti a sejtek meg\u00fajul\u00e1s\u00e1t, \u00edgy a l\u00e1b b\u0151re gyorsan puha \u00e9s s\u00e9r\u00fcl\u00e9smentes lesz. Ugyanez igaz a k\u00f6rm\u00f6kre is - a gomba megt\u00e1madhatja a k\u00f6r\u00f6mlemezt, de korl\u00e1tozza a betegs\u00e9g m\u00e9rt\u00e9k\u00e9t, \u00e9s kik\u00fcsz\u00f6b\u00f6li az eg\u00e9szs\u00e9ges sz\u00f6veteket elpuszt\u00edt\u00f3 mikroorganizmusokat.<\/p>\n\n\n\n<h2 class=\"wp-block-heading\"><span class=\"ez-toc-section\" id=\"Gdzie_kupic_keramin_krem_Apteka_Strona_Producenta\"><\/span>Hol lehet v\u00e1s\u00e1rolni keramin kr\u00e9met? Gy\u00f3gyszert\u00e1r, a gy\u00e1rt\u00f3 honlapja<span class=\"ez-toc-section-end\"><\/span><\/h2>\n\n\n\n<p>A Keramin nem kaphat\u00f3 gy\u00f3gyszert\u00e1rakban. Megv\u00e1s\u00e1rolhat\u00f3 az Allegr\u00f3n vagy az Amazonon? Igen, b\u00e1r nem val\u00f3sz\u00edn\u0171, hogy eredeti, hanem hamis\u00edtv\u00e1ny. Az eredetis\u00e9gre vonatkoz\u00f3 garanci\u00e1t csak a gy\u00e1rt\u00f3 weboldal\u00e1n t\u00f6rt\u00e9n\u0151 megrendel\u00e9ssel lehet megkapni, ami b\u00e1rmikor megtehet\u0151.<\/p>\n\n\n\n<figure class=\"wp-block-table\"><table><tbody><tr><td>Term\u00e9k neve<\/td><td>Keramin kr\u00e9m<\/td><\/tr><tr><td>Tartalom<\/td><td>Kr\u00e9m<\/td><\/tr><tr><td>El\u00e9rhet\u0151s\u00e9g a gy\u00f3gyszert\u00e1rban<\/td><td><strong>\u2713<\/strong>&nbsp;Nem<\/td><\/tr><tr><td>Mell\u00e9khat\u00e1sok<\/td><td><strong>\u2713<\/strong>&nbsp;Nem<\/td><\/tr><tr><td>Mennyibe ker\u00fcl<\/td><td><a href=\"https:\/\/honorata-skarbek.com\/hu\/cbd\/\" target=\"_blank\" rel=\"noreferrer noopener nofollow\"><strong>Gy\u00e1rt\u00f3 prom\u00f3ci\u00f3k<\/strong><\/a><\/td><\/tr><tr><td>\u00c9rt\u00e9kel\u00e9s<\/td><td>\u2b50\u2b50\u2b50\u2b50\u2b50 5\/5<\/td><\/tr><tr><td>Sz\u00e1ll\u00edt\u00e1si id\u0151<\/td><td><strong>\u2713&nbsp;<\/strong>1-3 nap<\/td><\/tr><tr><td>Shop<\/td><td><a href=\"https:\/\/honorata-skarbek.com\/hu\/cbd\/\" target=\"_blank\" rel=\"noreferrer noopener nofollow\"><strong>Aj\u00e1nlat keramin<\/strong><\/a><\/td><\/tr><tr><td>V\u00e9lem\u00e9nyek<\/td><td>Pozit\u00edv<\/td><\/tr><\/tbody><\/table><\/figure>\n\n\n<div id=\"rank-math-faq\" class=\"rank-math-block\">\n<div class=\"rank-math-list\">\n<div id=\"faq-question-1647503900038\" class=\"rank-math-list-item\">\n<h3 class=\"rank-math-question\"><span class=\"ez-toc-section\" id=\"Ile_musze_czekac_na_zamowienie_z_keraminCzy_keramin_jest_sprzedawany_na_recepte\"><\/span>Mennyit kell v\u00e1rnom, hogy rendelhessek a keraminb\u00f3l?A keramin v\u00e9nyk\u00f6teles?<span class=\"ez-toc-section-end\"><\/span><\/h3>\n<div class=\"rank-math-answer\">\n\n<p>Ez egy term\u00e9szetes \u00f6sszetev\u0151k\u00f6n alapul\u00f3, az eg\u00e9szs\u00e9gre teljesen biztons\u00e1gos, ez\u00e9rt recept n\u00e9lk\u00fcl mindenki sz\u00e1m\u00e1ra el\u00e9rhet\u0151 kr\u00e9m.<\/p>\n\n<\/div>\n<\/div>\n<div id=\"faq-question-1647503939344\" class=\"rank-math-list-item\">\n<h3 class=\"rank-math-question\"><span class=\"ez-toc-section\" id=\"Czy_dostane_preparat_na_grzybice_stop_w_aptece\"><\/span>Kaphatok gy\u00f3gyszert\u00e1rban tinea pedis elleni k\u00e9sz\u00edtm\u00e9nyt?<span class=\"ez-toc-section-end\"><\/span><\/h3>\n<div class=\"rank-math-answer\">\n\n<p>Ez egy term\u00e9szetes \u00f6sszetev\u0151k\u00f6n alapul\u00f3, az eg\u00e9szs\u00e9gre teljesen biztons\u00e1gos, ez\u00e9rt recept n\u00e9lk\u00fcl mindenki sz\u00e1m\u00e1ra el\u00e9rhet\u0151 kr\u00e9m.<\/p>\n\n<\/div>\n<\/div>\n<div id=\"faq-question-1647503958582\" class=\"rank-math-list-item\">\n<h3 class=\"rank-math-question\"><span class=\"ez-toc-section\" id=\"Co_daje_stosowanie_kremu_przeciwgrzybicznego\"><\/span>Mit kap egy gombaellenes kr\u00e9m haszn\u00e1lat\u00e1t\u00f3l<span class=\"ez-toc-section-end\"><\/span><\/h3>\n<div class=\"rank-math-answer\">\n\n<p>A Keramin elt\u00e1vol\u00edtja a l\u00e1bgomb\u00e1t, mind a b\u0151rr\u0151l, mind a k\u00f6rm\u00f6kr\u0151l. Megel\u0151z\u0151 jelleggel is alkalmazhat\u00f3 a gombafert\u0151z\u00e9s elleni v\u00e9delemre.<\/p>\n\n<\/div>\n<\/div>\n<div id=\"faq-question-1647504008731\" class=\"rank-math-list-item\">\n<h3 class=\"rank-math-question\"><span class=\"ez-toc-section\" id=\"Kto_moze_stosowac\"><\/span>Ki haszn\u00e1lhatja<span class=\"ez-toc-section-end\"><\/span><\/h3>\n<div class=\"rank-math-answer\">\n\n<p>B\u00e1rki, aki elm\u00falt 18 \u00e9ves, kiv\u00e9ve a terhes vagy szoptat\u00f3 n\u0151ket.<\/p>\n\n<\/div>\n<\/div>\n<div id=\"faq-question-1647504034027\" class=\"rank-math-list-item\">\n<h3 class=\"rank-math-question\"><span class=\"ez-toc-section\" id=\"Czy_keramin_ma_naturalny_sklad\"><\/span>A keramin term\u00e9szetes \u00f6sszet\u00e9tel\u0171?<span class=\"ez-toc-section-end\"><\/span><\/h3>\n<div class=\"rank-math-answer\">\n\n<p>Igen, a ken\u0151csben csak n\u00f6v\u00e9nyi \u00f6sszetev\u0151k vannak: kenderolaj, ginzeng \u00e9s lila f\u0171zfa k\u00e9reg.<\/p>\n\n<\/div>\n<\/div>\n<div id=\"faq-question-1647504061118\" class=\"rank-math-list-item\">\n<h3 class=\"rank-math-question\"><span class=\"ez-toc-section\" id=\"Czy_moga_wystapic_jakies_skutki_uboczne\"><\/span>Lehetnek mell\u00e9khat\u00e1sok ?<span class=\"ez-toc-section-end\"><\/span><\/h3>\n<div class=\"rank-math-answer\">\n\n<p>A keramin ken\u0151cs megfelel\u0151 alkalmaz\u00e1sa eset\u00e9n nem jelentettek mell\u00e9khat\u00e1sokat.<\/p>\n\n<\/div>\n<\/div>\n<div id=\"faq-question-1647504093243\" class=\"rank-math-list-item\">\n<h3 class=\"rank-math-question\"><span class=\"ez-toc-section\" id=\"Ile_musze_czekac_na_zamowienie_kremu_keramin\"><\/span>Mennyit kell v\u00e1rnom a keramin kr\u00e9m rendel\u00e9s\u00e9re?<span class=\"ez-toc-section-end\"><\/span><\/h3>\n<div class=\"rank-math-answer\">\n\n<p>A kr\u00e9mes csomagot azonnal feladj\u00e1k, \u00edgy n\u00e9h\u00e1ny munkanapon bel\u00fcl meg\u00e9rkezik.<\/p>\n\n<\/div>\n<\/div>\n<div id=\"faq-question-1647504133898\" class=\"rank-math-list-item\">\n<h3 class=\"rank-math-question\"><span class=\"ez-toc-section\" id=\"Czy_moge_zaplacic_za_produkt_przy_odbiorze\"><\/span>Fizethetek a term\u00e9k\u00e9rt sz\u00e1ll\u00edt\u00e1skor?<span class=\"ez-toc-section-end\"><\/span><\/h3>\n<div class=\"rank-math-answer\">\n\n<p>Igen, de csak akkor, ha a csomagot az orsz\u00e1gon bel\u00fcl k\u00e9zbes\u00edtik.<\/p>\n\n<\/div>\n<\/div>\n<\/div>\n<\/div>","protected":false},"excerpt":{"rendered":"<p>Mi az a keramin kr\u00e9m? Keramin kr\u00e9m tinea pedis ellen. V\u00e9ny n\u00e9lk\u00fcl kaphat\u00f3, \u00e9s enyhe, term\u00e9szetes \u00f6sszet\u00e9tel\u00e9vel t\u0171nik ki. Azonban nagyon nagy hat\u00e9konys\u00e1ggal rendelkezik, amikor a gy\u0171r\u0171sf\u00e9rgess\u00e9g elleni k\u00fczdelemr\u0151l van sz\u00f3, \u00e9s a gy\u00e1rt\u00f3 szerint ez a kezel\u00e9s nem j\u00e1rhat semmilyen negat\u00edv mell\u00e9khat\u00e1ssal. A ken\u0151cs alkalmaz\u00e1sa nagyon egyszer\u0171, \u00e9s j\u00f3l m\u0171k\u00f6dik ... <a title=\"Keramin kr\u00e9m tinea pedisre - \u00c1r, v\u00e9lem\u00e9nyek, \u00f6sszet\u00e9tel, v\u00e1s\u00e1rl\u00e1s helye, gy\u00f3gyszert\u00e1r, f\u00f3rum\" class=\"read-more\" href=\"https:\/\/honorata-skarbek.com\/hu\/keramin-2\/\" aria-label=\"Tov\u00e1bb Keramin krem na grzybic\u0119 st\u00f3p &#8211; Cena, Opinie, Sk\u0142ad, Gdzie Kupi\u0107, Apteka, Forum\">Olvass tov\u00e1bb<\/a><\/p>","protected":false},"author":1,"featured_media":1788,"comment_status":"open","ping_status":"open","sticky":false,"template":"","format":"standard","meta":{"footnotes":""},"categories":[21],"tags":[285,287,286],"class_list":["post-1700","post","type-post","status-publish","format-standard","has-post-thumbnail","hentry","category-zdrowie","tag-keramin","tag-keramin-cena","tag-keramin-opinie"],"_links":{"self":[{"href":"https:\/\/honorata-skarbek.com\/hu\/wp-json\/wp\/v2\/posts\/1700","targetHints":{"allow":["GET"]}}],"collection":[{"href":"https:\/\/honorata-skarbek.com\/hu\/wp-json\/wp\/v2\/posts"}],"about":[{"href":"https:\/\/honorata-skarbek.com\/hu\/wp-json\/wp\/v2\/types\/post"}],"author":[{"embeddable":true,"href":"https:\/\/honorata-skarbek.com\/hu\/wp-json\/wp\/v2\/users\/1"}],"replies":[{"embeddable":true,"href":"https:\/\/honorata-skarbek.com\/hu\/wp-json\/wp\/v2\/comments?post=1700"}],"version-history":[{"count":0,"href":"https:\/\/honorata-skarbek.com\/hu\/wp-json\/wp\/v2\/posts\/1700\/revisions"}],"wp:featuredmedia":[{"embeddable":true,"href":"https:\/\/honorata-skarbek.com\/hu\/wp-json\/wp\/v2\/media\/1788"}],"wp:attachment":[{"href":"https:\/\/honorata-skarbek.com\/hu\/wp-json\/wp\/v2\/media?parent=1700"}],"wp:term":[{"taxonomy":"category","embeddable":true,"href":"https:\/\/honorata-skarbek.com\/hu\/wp-json\/wp\/v2\/categories?post=1700"},{"taxonomy":"post_tag","embeddable":true,"href":"https:\/\/honorata-skarbek.com\/hu\/wp-json\/wp\/v2\/tags?post=1700"}],"curies":[{"name":"wp","href":"https:\/\/api.w.org\/{rel}","templated":true}]}}