{"id":2472,"date":"2022-05-26T19:34:37","date_gmt":"2022-05-26T19:34:37","guid":{"rendered":"https:\/\/honorata-skarbek.com\/?p=2472"},"modified":"2022-05-27T06:38:20","modified_gmt":"2022-05-27T06:38:20","slug":"aerflow","status":"publish","type":"post","link":"https:\/\/honorata-skarbek.com\/hu\/aerflow\/","title":{"rendered":"Aerflow V\u00e9lem\u00e9nyek - Hol lehet megv\u00e1s\u00e1rolni, \u00e1r, teljes\u00edtm\u00e9ny, hat\u00e1sok, megjegyz\u00e9sek"},"content":{"rendered":"<div id=\"ez-toc-container\" class=\"ez-toc-v2_0_87 counter-hierarchy ez-toc-counter ez-toc-light-blue ez-toc-container-direction\">\n<p class=\"ez-toc-title\" style=\"cursor:inherit\">Tartalomjegyz\u00e9k<\/p>\n<label for=\"ez-toc-cssicon-toggle-item-6a9b61043baef\" class=\"ez-toc-cssicon-toggle-label\"><span class=\"\"><span class=\"eztoc-hide\" style=\"display:none;\">Toggle<\/span><span class=\"ez-toc-icon-toggle-span\"><svg style=\"fill: #999;color:#999\" xmlns=\"http:\/\/www.w3.org\/2000\/svg\" class=\"list-377408\" width=\"20px\" height=\"20px\" viewbox=\"0 0 24 24\" fill=\"none\"><path d=\"M6 6H4v2h2V6zm14 0H8v2h12V6zM4 11h2v2H4v-2zm16 0H8v2h12v-2zM4 16h2v2H4v-2zm16 0H8v2h12v-2z\" fill=\"currentColor\"><\/path><\/svg><svg style=\"fill: #999;color:#999\" class=\"arrow-unsorted-368013\" xmlns=\"http:\/\/www.w3.org\/2000\/svg\" width=\"10px\" height=\"10px\" viewbox=\"0 0 24 24\" version=\"1.2\" baseprofile=\"tiny\"><path d=\"M18.2 9.3l-6.2-6.3-6.2 6.3c-.2.2-.3.4-.3.7s.1.5.3.7c.2.2.4.3.7.3h11c.3 0 .5-.1.7-.3.2-.2.3-.5.3-.7s-.1-.5-.3-.7zM5.8 14.7l6.2 6.3 6.2-6.3c.2-.2.3-.5.3-.7s-.1-.5-.3-.7c-.2-.2-.4-.3-.7-.3h-11c-.3 0-.5.1-.7.3-.2.2-.3.5-.3.7s.1.5.3.7z\"\/><\/svg><\/span><\/span><\/label><input type=\"checkbox\"  id=\"ez-toc-cssicon-toggle-item-6a9b61043baef\" checked aria-label=\"Toggle\" \/><nav><ul class='ez-toc-list ez-toc-list-level-1' ><li class='ez-toc-page-1 ez-toc-heading-level-2'><a class=\"ez-toc-link ez-toc-heading-1\" href=\"https:\/\/honorata-skarbek.com\/hu\/aerflow\/#Co_to_jest_Aerflow\" >Mi az Aerflow?<\/a><\/li><li class='ez-toc-page-1 ez-toc-heading-level-2'><a class=\"ez-toc-link ez-toc-heading-2\" href=\"https:\/\/honorata-skarbek.com\/hu\/aerflow\/#Aerflow_Opinie\" >Aerflow v\u00e9lem\u00e9nyek<\/a><\/li><li class='ez-toc-page-1 ez-toc-heading-level-2'><a class=\"ez-toc-link ez-toc-heading-3\" href=\"https:\/\/honorata-skarbek.com\/hu\/aerflow\/#W_jaki_sposob_Aerflow_eliminuje_chrapanie\" >Hogyan sz\u00fcnteti meg az Aerflow a horkol\u00e1st?<\/a><\/li><li class='ez-toc-page-1 ez-toc-heading-level-2'><a class=\"ez-toc-link ez-toc-heading-4\" href=\"https:\/\/honorata-skarbek.com\/hu\/aerflow\/#Czy_Aerflow_to_bezpieczne_urzadzenie\" >Az Aerflow biztons\u00e1gos eszk\u00f6z?<\/a><\/li><li class='ez-toc-page-1 ez-toc-heading-level-2'><a class=\"ez-toc-link ez-toc-heading-5\" href=\"https:\/\/honorata-skarbek.com\/hu\/aerflow\/#Kiedy_warto_stosowac_Aerflow\" >Mikor \u00e9rdemes haszn\u00e1lni az Aerflowt?<\/a><\/li><li class='ez-toc-page-1 ez-toc-heading-level-2'><a class=\"ez-toc-link ez-toc-heading-6\" href=\"https:\/\/honorata-skarbek.com\/hu\/aerflow\/#Czy_chrapanie_jest_niebezpieczne_Dlaczego_warto_uzywac_Aerflow\" >Vesz\u00e9lyes a horkol\u00e1s? Mi\u00e9rt haszn\u00e1lja az Aerflowt?<\/a><\/li><li class='ez-toc-page-1 ez-toc-heading-level-2'><a class=\"ez-toc-link ez-toc-heading-7\" href=\"https:\/\/honorata-skarbek.com\/hu\/aerflow\/#Jak_prawidlowo_stosowac_Aerflow\" >Hogyan kell helyesen haszn\u00e1lni az Aerflowt?<\/a><ul class='ez-toc-list-level-3' ><li class='ez-toc-heading-level-3'><a class=\"ez-toc-link ez-toc-heading-8\" href=\"https:\/\/honorata-skarbek.com\/hu\/aerflow\/#Sprawdz_tez_inowacyjny_wynalazek_Rhinofix\" >N\u00e9zze meg az innovat\u00edv tal\u00e1lm\u00e1nyt is: Rhinofix<\/a><\/li><\/ul><\/li><li class='ez-toc-page-1 ez-toc-heading-level-2'><a class=\"ez-toc-link ez-toc-heading-9\" href=\"https:\/\/honorata-skarbek.com\/hu\/aerflow\/#Czy_Aerflow_to_skuteczne_rozwiazanie\" >Az Aerflow hat\u00e9kony megold\u00e1s?<\/a><\/li><li class='ez-toc-page-1 ez-toc-heading-level-2'><a class=\"ez-toc-link ez-toc-heading-10\" href=\"https:\/\/honorata-skarbek.com\/hu\/aerflow\/#Jakie_sa_korzysci_ze_stosowania_Aerflow\" >Milyen el\u0151nyei vannak az Aerflownak?<\/a><\/li><li class='ez-toc-page-1 ez-toc-heading-level-2'><a class=\"ez-toc-link ez-toc-heading-11\" href=\"https:\/\/honorata-skarbek.com\/hu\/aerflow\/#Aerflow_Cena\" >Aerflow \u00c1r<\/a><ul class='ez-toc-list-level-3' ><li class='ez-toc-heading-level-3'><a class=\"ez-toc-link ez-toc-heading-12\" href=\"https:\/\/honorata-skarbek.com\/hu\/aerflow\/#Co_to_jest_Aerflow-2\" >Mi az Aerflow?<\/a><\/li><li class='ez-toc-page-1 ez-toc-heading-level-3'><a class=\"ez-toc-link ez-toc-heading-13\" href=\"https:\/\/honorata-skarbek.com\/hu\/aerflow\/#Jak_stosowac_Aerflow\" >Hogyan kell haszn\u00e1lni az Aerflowt?<\/a><\/li><li class='ez-toc-page-1 ez-toc-heading-level-3'><a class=\"ez-toc-link ez-toc-heading-14\" href=\"https:\/\/honorata-skarbek.com\/hu\/aerflow\/#Czy_Aerflow_mozna_kupic_w_aptece\" >Az Aerflow megv\u00e1s\u00e1rolhat\u00f3 gy\u00f3gyszert\u00e1rban?<\/a><\/li><li class='ez-toc-page-1 ez-toc-heading-level-3'><a class=\"ez-toc-link ez-toc-heading-15\" href=\"https:\/\/honorata-skarbek.com\/hu\/aerflow\/#Czy_kazdy_moze_uzywac_Aerflow\" >Haszn\u00e1lhatja valaki az Aerflowt?<\/a><\/li><li class='ez-toc-page-1 ez-toc-heading-level-3'><a class=\"ez-toc-link ez-toc-heading-16\" href=\"https:\/\/honorata-skarbek.com\/hu\/aerflow\/#Jakie_efekty_sa_po_stosowaniu_Aerflow\" >Milyen hat\u00e1sok jelentkeznek az Aerflow haszn\u00e1lata ut\u00e1n?<\/a><\/li><\/ul><\/li><\/ul><\/nav><\/div>\n\n<p class=\"wp-block-paragraph\"><strong>Az Aerflow azoknak sz\u00f3l, akik hat\u00e9kony m\u00f3dszert keresnek a horkol\u00e1s ellen. Ez az\u00e9rt kellemetlen, mert s\u00falyosan megzavarja az alv\u00e1st, \u00e9s nem csak a horkol\u00f3 szem\u00e9ly sz\u00e1m\u00e1ra. Ez egy speci\u00e1lisan kialak\u00edtott eszk\u00f6z, amely az orrba helyezve helyre\u00e1ll\u00edtja a megfelel\u0151 l\u00e9g\u00e1raml\u00e1st, \u00edgy megsz\u00fcnteti a horkol\u00e1st. De vajon bizony\u00edtottan hat\u00e9kony? \u00c9s mi a biztons\u00e1gi vonatkoz\u00e1sa ennek a m\u00f3dszernek?<\/strong> <strong><a href=\"https:\/\/honorata-skarbek.com\/hu\/aer\/\" target=\"_blank\" rel=\"noreferrer noopener nofollow\">www.Aerflow.com<\/a><\/strong><\/p>\n\n\n\n<h2 class=\"wp-block-heading\"><span class=\"ez-toc-section\" id=\"Co_to_jest_Aerflow\"><\/span>Mi az Aerflow?<span class=\"ez-toc-section-end\"><\/span><\/h2>\n\n\n\n<div class=\"wp-block-media-text alignwide is-stacked-on-mobile\" style=\"grid-template-columns:34% auto\"><figure class=\"wp-block-media-text__media\"><a href=\"https:\/\/honorata-skarbek.com\/hu\/aer\/\" target=\"_blank\" rel=\"noreferrer noopener\"><img decoding=\"async\" width=\"311\" height=\"300\" src=\"https:\/\/honorata-skarbek.com\/wp-content\/uploads\/2022\/05\/Aerflow-removebg-preview.png\" alt=\"Aerflow - horkol\u00e1s elleni term\u00e9k\" class=\"wp-image-2473 size-full\" title=\"\" srcset=\"https:\/\/honorata-skarbek.com\/wp-content\/uploads\/2022\/05\/Aerflow-removebg-preview.png 311w, https:\/\/honorata-skarbek.com\/wp-content\/uploads\/2022\/05\/Aerflow-removebg-preview-300x289.png 300w, https:\/\/honorata-skarbek.com\/wp-content\/uploads\/2022\/05\/Aerflow-removebg-preview-12x12.png 12w\" sizes=\"(max-width: 311px) 100vw, 311px\" \/><\/a><\/figure><div class=\"wp-block-media-text__content\">\n<p class=\"wp-block-paragraph\">A horkol\u00e1s \u00f6nmag\u00e1ban nem betegs\u00e9g, b\u00e1r annak egyik t\u00fcnete lehet. A horkol\u00e1snak nincs egyetlen oka, a horkol\u00e1s oka lehet p\u00e9ld\u00e1ul a ferde orrs\u00f6v\u00e9ny, a nyelv vagy a nyelvny\u00edl\u00e1s t\u00falteng\u00e9se, az orrpolipok, a mandul\u00e1k t\u00falteng\u00e9se vagy a t\u00fals\u00e1gosan petyh\u00fcdt l\u00e1gy sz\u00e1jpadl\u00e1s. A horkol\u00e1s kock\u00e1zat\u00e1t a t\u00fals\u00faly is n\u00f6veli, mivel a h\u00edzott nyak \u00e9s mellkas megnehez\u00edti a teljes l\u00e9gz\u00e9st.<\/p>\n\n\n\n<div class=\"wp-block-buttons is-content-justification-center is-layout-flex wp-container-core-buttons-is-layout-fe48e5de wp-block-buttons-is-layout-flex\">\n<div class=\"wp-block-button has-custom-width wp-block-button__width-75 has-custom-font-size has-medium-font-size\"><a class=\"wp-block-button__link has-blush-bordeaux-gradient-background has-background\" href=\"https:\/\/honorata-skarbek.com\/hu\/aer\/\" target=\"_blank\" rel=\"noreferrer noopener\">V\u00e1s\u00e1rolja meg most<\/a><\/div>\n<\/div>\n<\/div><\/div>\n\n\n\n<p class=\"wp-block-paragraph\">Hogyan lehet megbirk\u00f3zni a horkol\u00e1ssal? N\u00e9ha egyszer\u0171en az alv\u00e1si poz\u00edci\u00f3 megv\u00e1ltoztat\u00e1sa is seg\u00edt - kevesebbet horkol, ha az oldal\u00e1n alszik. Farmakol\u00f3giai kezel\u00e9sek nem val\u00f3sz\u00edn\u0171, hogy alkalmaz\u00e1sra ker\u00fclnek, kiv\u00e9ve, ha a horkol\u00e1s valamilyen betegs\u00e9ghez kapcsol\u00f3dik, de n\u00e9pszer\u0171ek a k\u00fcl\u00f6nb\u00f6z\u0151 eszk\u00f6z\u00f6k, p\u00e9ld\u00e1ul a t\u00falzott izomlazul\u00e1s megakad\u00e1lyoz\u00e1s\u00e1ra szolg\u00e1l\u00f3 als\u00f3 \u00e1llkapocstart\u00f3 szalagok \u00e9s az orrcsipeszek.<\/p>\n\n\n\n<p class=\"wp-block-paragraph\">Az Aerflow egy teljesen m\u00e1s eszk\u00f6z. Nem invaz\u00edv, \u00e9s \u00fagy tervezt\u00e9k, hogy visel\u00e9se k\u00f6zben ne legyen kellemetlen \u00e9rz\u00e9s. Kicsi, k\u00f6nnyen alkalmazhat\u00f3, \u00e9s a haszn\u00e1lat sor\u00e1n fell\u00e9p\u0151 komplik\u00e1ci\u00f3k kock\u00e1zata gyakorlatilag nulla. Sz\u00e1mos v\u00e9lem\u00e9ny szerint az els\u0151 alkalmaz\u00e1st\u00f3l kezdve m\u0171k\u00f6dik.<\/p>\n\n\n\n<p class=\"wp-block-paragraph\">Olvassa el a m\u00e1sik term\u00e9k\u00fcnket is az alv\u00e1s jav\u00edt\u00e1s\u00e1ra, az \u00fagynevezett <a href=\"https:\/\/honorata-skarbek.com\/hu\/nuvialab-relax\/\" target=\"_blank\" data-type=\"post\" data-id=\"2260\" rel=\"noreferrer noopener\">NuviaLab Relax<\/a>.<\/p>\n\n\n\n<h2 class=\"wp-block-heading\"><span class=\"ez-toc-section\" id=\"Aerflow_Opinie\"><\/span>Aerflow v\u00e9lem\u00e9nyek<span class=\"ez-toc-section-end\"><\/span><\/h2>\n\n\n\n<p class=\"wp-block-paragraph\"><strong>Mit mondanak a felhaszn\u00e1l\u00f3k az Aerflowr\u00f3l?<\/strong><\/p>\n\n\n\n<blockquote class=\"wp-block-quote has-text-align-center is-layout-flow wp-block-quote-is-layout-flow\"><p>\"Az Aerflow k\u00f6r\u00fclbel\u00fcl h\u00e1rom hete van n\u00e1lam. Sokkal kevesebbet horkolok, \u00e9s egyre ink\u00e1bb vannak olyan \u00e9jszak\u00e1k, amikor m\u00e1r egy\u00e1ltal\u00e1n nem horkolok. Egy m\u00e1sik javul\u00e1st is \u00e9szrevettem - reggelente nem vagyok f\u00e1radt, \u00e9s nem f\u00e1j a fejem, egyszer\u0171en \u00fagy \u00e9rzem, hogy val\u00f3ban j\u00f3l aludtam. Nagyon gyorsan hozz\u00e1szoktam a k\u00e9sz\u00fcl\u00e9khez, mivel t\u00e9nyleg arra k\u00e9sz\u00fclt, hogy ne zavarj\u00e1k.\" <\/p><\/blockquote>\n\n\n\n<blockquote class=\"wp-block-quote has-text-align-center is-layout-flow wp-block-quote-is-layout-flow\"><p>\"R\u00e9gebben nagyon hangosan horkoltam, \u00e9s alv\u00e1si apno\u00e9ban szenvedtem. A feles\u00e9gem m\u00e1r kor\u00e1bban vett nekem egy \u00e1llkapocst\u00e1maszt, de nem tudtam megszokni, \u00e9s rosszul aludtam benne. Az Aerflow a form\u00e1j\u00e1val gy\u0151z\u00f6tt meg, mert ha egyszer viseled, alig eml\u00e9kszel r\u00e1, hogy viseled. Norm\u00e1lisan l\u00e9legzik, s\u0151t, m\u00e9g jobban is, ez\u00e9rt abbahagytam a horkol\u00e1st. Ez a legjobb megold\u00e1s, amivel valaha tal\u00e1lkoztam.\" <\/p><\/blockquote>\n\n\n\n<blockquote class=\"wp-block-quote has-text-align-center is-layout-flow wp-block-quote-is-layout-flow\"><p>\"A horkol\u00e1som zavarta a feles\u00e9gemet, \u00e9s engem is, mert gyakran fel\u00e9bredtem, \u00e9s reggel \u00e9reztem az alv\u00e1shi\u00e1ny hat\u00e1sait. Az alv\u00e1si apnoe kock\u00e1zata is megr\u00e9m\u00edtett, ez\u00e9rt elkezdtem hat\u00e9kony megold\u00e1st keresni. Az Aerflow akci\u00f3s volt, ez\u00e9rt megvettem. \u00c9s meger\u0151s\u00edthetem, hogy t\u00e9nyleg abbahagyod vele a horkol\u00e1st.\" <\/p><\/blockquote>\n\n\n\n<h2 class=\"wp-block-heading\"><span class=\"ez-toc-section\" id=\"W_jaki_sposob_Aerflow_eliminuje_chrapanie\"><\/span>Hogyan sz\u00fcnteti meg az Aerflow a horkol\u00e1st?<span class=\"ez-toc-section-end\"><\/span><\/h2>\n\n\n<div class=\"wp-block-image\">\n<figure class=\"aligncenter size-large is-resized\"><a href=\"https:\/\/honorata-skarbek.com\/hu\/aer\/\" target=\"_blank\" rel=\"noreferrer noopener\"><img decoding=\"async\" src=\"https:\/\/honorata-skarbek.com\/wp-content\/uploads\/2022\/05\/Aerflow-gdzie-mozna-kupic-1024x683.jpg\" alt=\"Aerflow - gyors \u00e9s hat\u00e9kony eredm\u00e9nyek\" class=\"wp-image-2475\" width=\"537\" height=\"357\" title=\"\" srcset=\"https:\/\/honorata-skarbek.com\/wp-content\/uploads\/2022\/05\/Aerflow-gdzie-mozna-kupic-1024x683.jpg 1024w, https:\/\/honorata-skarbek.com\/wp-content\/uploads\/2022\/05\/Aerflow-gdzie-mozna-kupic-300x200.jpg 300w, https:\/\/honorata-skarbek.com\/wp-content\/uploads\/2022\/05\/Aerflow-gdzie-mozna-kupic-768x512.jpg 768w, https:\/\/honorata-skarbek.com\/wp-content\/uploads\/2022\/05\/Aerflow-gdzie-mozna-kupic-18x12.jpg 18w, https:\/\/honorata-skarbek.com\/wp-content\/uploads\/2022\/05\/Aerflow-gdzie-mozna-kupic.jpg 1200w\" sizes=\"(max-width: 537px) 100vw, 537px\" \/><\/a><\/figure>\n<\/div>\n\n\n<p class=\"wp-block-paragraph\">Az Aerflow szinte minden horkol\u00e1sos esetben j\u00f3l m\u0171k\u00f6dik, mivel k\u00f6zvetlen\u00fcl az \u00e1llapot okaira hat. A klipsz felhelyez\u00e9sekor javul az orron kereszt\u00fcli l\u00e9g\u00e1raml\u00e1s, valamint az orr ter\u00fclet\u00e9n a mikrokering\u00e9s. A k\u00e9sz\u00fcl\u00e9k nem akad\u00e1lyozza az orr\u00fcregeket, \u00e9s megakad\u00e1lyozza az arc torl\u00f3d\u00e1s\u00e1t, valamint a sz\u00e1jpadl\u00e1s megfelel\u0151 poz\u00edci\u00f3ban tart\u00e1s\u00e1t.<\/p>\n\n\n\n<p class=\"wp-block-paragraph\">Az Aerflow egy kompakt klipsz form\u00e1j\u00e1ban ker\u00fcl forgalomba, amelyet az orr f\u00f6l\u00f6tt kell viselni. Orvosi min\u0151s\u00e9g\u0171 szilikonb\u00f3l k\u00e9sz\u00fclt, amely nem irrit\u00e1lja a b\u0151rt vagy az orrny\u00e1lkah\u00e1rty\u00e1t. \u00dagy van kialak\u00edtva, hogy visel\u00e9se sor\u00e1n az orrs\u00f6v\u00e9ny megfelel\u0151 reflexpontjaira nyom\u00e1st gyakorol, ami az erek kit\u00e1gul\u00e1s\u00e1t \u00e9s a l\u00e9gutak zsugorod\u00e1s\u00e1t okozza. <strong><a href=\"https:\/\/honorata-skarbek.com\/hu\/aer\/\" target=\"_blank\" rel=\"noreferrer noopener nofollow\">www.Aerflow.com<\/a><\/strong><\/p>\n\n\n\n<p class=\"wp-block-paragraph\">A nyom\u00e1s nem el\u00e9g er\u0151s ahhoz, hogy f\u00e1jdalmat okozzon vagy akad\u00e1lyozza a kering\u00e9st, de hat\u00e1ssal van bizonyos, a l\u00e9gz\u00e9s\u00e9rt \u00e9s k\u00f6zvetve a horkol\u00e1s\u00e9rt felel\u0151s testi funkci\u00f3kra. Az Aerflownak k\u00f6sz\u00f6nhet\u0151en a szervezet oxig\u00e9nell\u00e1t\u00e1sa javul, a l\u00e9gz\u00e9s elm\u00e9ly\u00fcl \u00e9s visszanyeri norm\u00e1lis, szab\u00e1lyos ritmus\u00e1t, \u00e9s ami a legfontosabb, elker\u00fclhet\u0151 a vesz\u00e9lyes alv\u00e1si apnoe.<\/p>\n\n\n\n<p class=\"wp-block-paragraph\">Olvasson a kapszul\u00e1kr\u00f3l is <a href=\"https:\/\/honorata-skarbek.com\/hu\/erisil-plus\/\" target=\"_blank\" data-type=\"post\" data-id=\"1750\" rel=\"noreferrer noopener\">Erisil Plus<\/a>.<\/p>\n\n\n\n<h2 class=\"wp-block-heading\"><span class=\"ez-toc-section\" id=\"Czy_Aerflow_to_bezpieczne_urzadzenie\"><\/span>Az Aerflow biztons\u00e1gos eszk\u00f6z?<span class=\"ez-toc-section-end\"><\/span><\/h2>\n\n\n\n<p class=\"wp-block-paragraph\">Az Aerflow egy j\u00f3v\u00e1hagyott term\u00e9k, amely biztons\u00e1gos, orvosi min\u0151s\u00e9g\u0171 anyagb\u00f3l k\u00e9sz\u00fclt, amely nem okoz allergi\u00e1t vagy m\u00e1s eg\u00e9szs\u00e9g\u00fcgyi probl\u00e9m\u00e1kat. Hossz\u00fa t\u00e1v\u00fa haszn\u00e1latra alkalmas, egyszer\u0171en csak gondoskodnia kell a k\u00e9sz\u00fcl\u00e9k higi\u00e9ni\u00e1j\u00e1r\u00f3l, \u00e9s minden egyes elt\u00e1vol\u00edt\u00e1s ut\u00e1n meg kell tiszt\u00edtania a k\u00e9sz\u00fcl\u00e9ket. Haszn\u00e1lata nem okoz probl\u00e9m\u00e1t, \u00e9s nem \u00e1ll fenn annak a vesz\u00e9lye, hogy az eszk\u00f6z m\u00e9lyen az orrlyukba esik, vagy elz\u00e1rja a l\u00e9gutakat. Az eszk\u00f6z haszn\u00e1lat\u00e1hoz nem kell semmilyen k\u00fcl\u00f6nleges hajlammal rendelkeznie, \u00e9s jelenleg nincs sz\u00fcks\u00e9g orvosi ell\u00e1t\u00e1sra.<\/p>\n\n\n\n<h2 class=\"wp-block-heading\"><span class=\"ez-toc-section\" id=\"Kiedy_warto_stosowac_Aerflow\"><\/span>Mikor \u00e9rdemes haszn\u00e1lni az Aerflowt?<span class=\"ez-toc-section-end\"><\/span><\/h2>\n\n\n\n<div class=\"wp-block-media-text alignwide is-stacked-on-mobile\" style=\"grid-template-columns:46% auto\"><figure class=\"wp-block-media-text__media\"><a href=\"https:\/\/honorata-skarbek.com\/hu\/aer\/\" target=\"_blank\" rel=\"noreferrer noopener\"><img decoding=\"async\" width=\"1024\" height=\"683\" src=\"https:\/\/honorata-skarbek.com\/wp-content\/uploads\/2022\/05\/Aerflow-jakie-sa-efekty-dzialania-1024x683.jpg\" alt=\"Aerflow - hogyan kell haszn\u00e1lni\" class=\"wp-image-2476 size-full\" title=\"\" srcset=\"https:\/\/honorata-skarbek.com\/wp-content\/uploads\/2022\/05\/Aerflow-jakie-sa-efekty-dzialania-1024x683.jpg 1024w, https:\/\/honorata-skarbek.com\/wp-content\/uploads\/2022\/05\/Aerflow-jakie-sa-efekty-dzialania-300x200.jpg 300w, https:\/\/honorata-skarbek.com\/wp-content\/uploads\/2022\/05\/Aerflow-jakie-sa-efekty-dzialania-768x512.jpg 768w, https:\/\/honorata-skarbek.com\/wp-content\/uploads\/2022\/05\/Aerflow-jakie-sa-efekty-dzialania-18x12.jpg 18w, https:\/\/honorata-skarbek.com\/wp-content\/uploads\/2022\/05\/Aerflow-jakie-sa-efekty-dzialania.jpg 1200w\" sizes=\"(max-width: 1024px) 100vw, 1024px\" \/><\/a><\/figure><div class=\"wp-block-media-text__content\">\n<p class=\"wp-block-paragraph\">\u00c9jszaka, alv\u00e1s k\u00f6zben horkolunk, ez\u00e9rt ezt az \u00e1llapotot nem lehet kontroll\u00e1lni. Ez\u00e9rt olyan m\u00f3dszerekre van sz\u00fcks\u00e9g, amelyek a reflexeink feletti kontroll hi\u00e1nya ellen\u00e9re is m\u0171k\u00f6dnek, \u00e9s az Aerflow ezt teszi, ha az orrunkon viselj\u00fck. A klipsz automatikusan szab\u00e1lyozza a l\u00e9g\u00e1raml\u00e1st \u00e9s t\u00e1mogatja a l\u00e9gz\u0151rendszert, m\u00e9g a felhaszn\u00e1l\u00f3 m\u00e9ly alv\u00e1sa alatt is. Ugyanakkor nem kell att\u00f3l tartani, hogy alv\u00e1s k\u00f6zbeni haszn\u00e1latakor valami rossz t\u00f6rt\u00e9nik, mert nem cs\u00faszik le az orrr\u00f3l, \u00e9s nem \u00e1ll fenn annak a vesz\u00e9lye, hogy a sz\u00e1jba ker\u00fcl.<\/p>\n<\/div><\/div>\n\n\n\n<div class=\"wp-block-buttons is-content-justification-center is-layout-flex wp-container-core-buttons-is-layout-fe48e5de wp-block-buttons-is-layout-flex\">\n<div class=\"wp-block-button has-custom-width wp-block-button__width-50 has-custom-font-size\" style=\"font-size:24px\"><a class=\"wp-block-button__link has-accent-background-color has-background\">www.Aerflow.com<\/a><\/div>\n<\/div>\n\n\n\n<p class=\"wp-block-paragraph\">B\u00e1rmely feln\u0151tt haszn\u00e1lhatja az Aerflowt. Ez az eszk\u00f6z nem ig\u00e9nyel receptet vagy ak\u00e1r el\u0151zetes orvosi l\u00e1togat\u00e1st. A k\u00e9sz\u00fcl\u00e9k minden \u00e9jszaka haszn\u00e1lhat\u00f3, \u00e9s semmi sem akad\u00e1lyozza meg, hogy sz\u00fcks\u00e9g eset\u00e9n t\u00f6bb h\u00f3napon kereszt\u00fcl haszn\u00e1lja a k\u00e9sz\u00fcl\u00e9ket. A gy\u00e1rt\u00f3 biztos\u00edtja, hogy a term\u00e9k kiv\u00e1l\u00f3 eredm\u00e9nyeket ad, \u00e9s lehet\u0151v\u00e9 teszi, hogy id\u0151vel teljesen megszabaduljon ett\u0151l a bosszant\u00f3 betegs\u00e9gt\u0151l.<\/p>\n\n\n\n<p class=\"wp-block-paragraph\">L\u00e1sd m\u00e9g a f\u00e9rfiaknak sz\u00e1nt term\u00e9ket <a href=\"https:\/\/honorata-skarbek.com\/hu\/prostoxalen\/\" data-type=\"post\" data-id=\"964\" target=\"_blank\" rel=\"noreferrer noopener\">Prostoxalen<\/a>.<\/p>\n\n\n\n<h2 class=\"wp-block-heading\"><span class=\"ez-toc-section\" id=\"Czy_chrapanie_jest_niebezpieczne_Dlaczego_warto_uzywac_Aerflow\"><\/span>Vesz\u00e9lyes a horkol\u00e1s? Mi\u00e9rt haszn\u00e1lja az Aerflowt?<span class=\"ez-toc-section-end\"><\/span><\/h2>\n\n\n\n<p class=\"wp-block-paragraph\">A horkol\u00e1s \u00f6nmag\u00e1ban nem vesz\u00e9lyes az eg\u00e9szs\u00e9gre. Ink\u00e1bb kellemetlens\u00e9get jelent, mint nagy kock\u00e1zatot, de nem szabad al\u00e1becs\u00fclni. <a href=\"https:\/\/www.webmd.com\/sleep-disorders\/sleep-apnea\/snoring-treatments\" target=\"_blank\" data-type=\"URL\" data-id=\"https:\/\/www.webmd.com\/sleep-disorders\/sleep-apnea\/snoring-treatments\" rel=\"noreferrer noopener\">Horkol\u00e1s <\/a>a rendszeres, egyenletes l\u00e9gz\u00e9s \u00e1ltal\u00e1ban csak a f\u00e1radts\u00e1g, az orrdugul\u00e1s vagy egy \u00e1tmeneti fert\u0151z\u00e9s k\u00f6vetkezm\u00e9nye, de ha ez minden \u00e9jszaka el\u0151fordul, akkor a szervezet oxig\u00e9nell\u00e1t\u00e1sa romlik, ami p\u00e9ld\u00e1ul reggeli fejf\u00e1j\u00e1st vagy f\u00e1radts\u00e1got okoz, annak ellen\u00e9re, hogy t\u00f6bb \u00f3r\u00e1t aludtunk.<\/p>\n\n\n\n<p class=\"wp-block-paragraph\">A horkol\u00e1s k\u00f6zbeni szab\u00e1lytalan l\u00e9gz\u00e9s m\u00e1s k\u00e9rd\u00e9s. Ez alv\u00e1si apno\u00e9ra, azaz a l\u00e9gz\u00e9s ak\u00e1r t\u00f6bb tucat m\u00e1sodpercre t\u00f6rt\u00e9n\u0151 le\u00e1ll\u00e1s\u00e1ra utalhat. Ez m\u00e1r eg\u00e9szs\u00e9g\u00fcgyi kock\u00e1zatot jelent, mert nemcsak a testsz\u00f6vetek hipoxi\u00e1j\u00e1t okozza, hanem egyes esetekben sz\u00edvmeg\u00e1ll\u00e1shoz, \u00e9s ennek k\u00f6vetkezt\u00e9ben ak\u00e1r hal\u00e1lhoz is vezethet. M\u00e1s sz\u00f3val, a horkol\u00e1s nem csak az alv\u00e1s k\u00f6zbeni zavar\u00f3 hangok, \u00e9s a saj\u00e1t k\u00e9nyelme \u00e9rdek\u00e9ben jobb, ha megszabadul az ilyen betegs\u00e9gt\u0151l.<\/p>\n\n\n\n<h2 class=\"wp-block-heading\"><span class=\"ez-toc-section\" id=\"Jak_prawidlowo_stosowac_Aerflow\"><\/span>Hogyan kell helyesen haszn\u00e1lni az Aerflowt?<span class=\"ez-toc-section-end\"><\/span><\/h2>\n\n\n\n<div class=\"wp-block-media-text alignwide has-media-on-the-right is-stacked-on-mobile\" style=\"grid-template-columns:auto 42%\"><figure class=\"wp-block-media-text__media\"><img decoding=\"async\" width=\"1024\" height=\"683\" src=\"https:\/\/honorata-skarbek.com\/wp-content\/uploads\/2022\/05\/Aerflow-cena-1024x683.jpg\" alt=\"Aerflow - hogyan kell haszn\u00e1lni\" class=\"wp-image-2477 size-full\" title=\"\" srcset=\"https:\/\/honorata-skarbek.com\/wp-content\/uploads\/2022\/05\/Aerflow-cena-1024x683.jpg 1024w, https:\/\/honorata-skarbek.com\/wp-content\/uploads\/2022\/05\/Aerflow-cena-300x200.jpg 300w, https:\/\/honorata-skarbek.com\/wp-content\/uploads\/2022\/05\/Aerflow-cena-768x512.jpg 768w, https:\/\/honorata-skarbek.com\/wp-content\/uploads\/2022\/05\/Aerflow-cena-18x12.jpg 18w, https:\/\/honorata-skarbek.com\/wp-content\/uploads\/2022\/05\/Aerflow-cena.jpg 1200w\" sizes=\"(max-width: 1024px) 100vw, 1024px\" \/><\/figure><div class=\"wp-block-media-text__content\">\n<p class=\"has-text-align-left wp-block-paragraph\">A csomaghoz r\u00e9szletes haszn\u00e1lati utas\u00edt\u00e1s tartozik, amelyet el kell olvasni. A gy\u00e1rt\u00f3 \u00f3va int att\u00f3l, hogy az aj\u00e1nlott\u00f3l elt\u00e9r\u0151 m\u00f3don haszn\u00e1lja, \u00e9s ilyen esetekben a hat\u00e9konys\u00e1gi garancia m\u00e1r nem \u00e9rv\u00e9nyes. A klip univerz\u00e1lis m\u00e9ret\u0171 - ez egy meglehet\u0151sen rugalmas szilikonb\u00f3l k\u00e9sz\u00fclt eszk\u00f6z, amely a felhaszn\u00e1l\u00f3 orr\u00e1nak szerkezet\u00e9t figyelembe v\u00e9ve alkalmazkodik az adott esethez. Az Aerflow nem nyomja vagy irrit\u00e1lja az orrot, a behelyez\u00e9se ut\u00e1n gyakorlatilag nem \u00e9rezni, hogy valami van az orrban. Ennek eredm\u00e9nyek\u00e9ppen az alv\u00e1s teljesen k\u00e9nyelmes, \u00e9s a term\u00e9k bet\u00f6ltheti els\u0151dleges szerep\u00e9t.<\/p>\n<\/div><\/div>\n\n\n\n<h3 class=\"has-medium-font-size wp-block-heading\"><span class=\"ez-toc-section\" id=\"Sprawdz_tez_inowacyjny_wynalazek_Rhinofix\"><\/span>N\u00e9zze meg az innovat\u00edv tal\u00e1lm\u00e1nyt is: <strong><a href=\"https:\/\/honorata-skarbek.com\/hu\/aer\/\" target=\"_blank\" rel=\"noreferrer noopener nofollow\">Rhinofix<\/a><\/strong><span class=\"ez-toc-section-end\"><\/span><\/h3>\n\n\n\n<h2 class=\"wp-block-heading\"><span class=\"ez-toc-section\" id=\"Czy_Aerflow_to_skuteczne_rozwiazanie\"><\/span>Az Aerflow hat\u00e9kony megold\u00e1s?<span class=\"ez-toc-section-end\"><\/span><\/h2>\n\n\n\n<p class=\"wp-block-paragraph\">A gy\u00e1rt\u00f3 az Aerflow haszn\u00e1lat\u00e1val v\u00e9gzett tesztvizsg\u00e1latokra hivatkozik, amelyek azt mutatj\u00e1k, hogy szinte minden embern\u00e9l megsz\u0171nt a horkol\u00e1s az eszk\u00f6z n\u00e9h\u00e1ny alkalmaz\u00e1sa ut\u00e1n. Kimutatt\u00e1k, hogy nemcsak mag\u00e1ra a horkol\u00e1sra, hanem m\u00e1s l\u00e9gz\u0151szervi probl\u00e9m\u00e1kra, p\u00e9ld\u00e1ul n\u00e1th\u00e1ra \u00e9s g\u00f6rbe orrs\u00f6v\u00e9nyre is hat. A klipsz az allergi\u00e1sok sz\u00e1m\u00e1ra is nagyon j\u00f3 megold\u00e1s, mivel ez az egyetlen olyan k\u00e9sz\u00fcl\u00e9k a maga nem\u00e9ben, amely kisz\u0171ri a leveg\u0151t a port\u00f3l \u00e9s egy\u00e9b szennyez\u0151d\u00e9sekt\u0151l.<\/p>\n\n\n\n<h2 class=\"wp-block-heading\"><span class=\"ez-toc-section\" id=\"Jakie_sa_korzysci_ze_stosowania_Aerflow\"><\/span>Milyen el\u0151nyei vannak az Aerflownak?<span class=\"ez-toc-section-end\"><\/span><\/h2>\n\n\n<div class=\"wp-block-image\">\n<figure class=\"aligncenter size-large is-resized\"><img decoding=\"async\" src=\"https:\/\/honorata-skarbek.com\/wp-content\/uploads\/2022\/05\/Aerflow-dla-kogo-1024x683.jpg\" alt=\"Aerflow - a haszn\u00e1lat el\u0151nyei\" class=\"wp-image-2478\" width=\"496\" height=\"330\" title=\"\" srcset=\"https:\/\/honorata-skarbek.com\/wp-content\/uploads\/2022\/05\/Aerflow-dla-kogo-1024x683.jpg 1024w, https:\/\/honorata-skarbek.com\/wp-content\/uploads\/2022\/05\/Aerflow-dla-kogo-300x200.jpg 300w, https:\/\/honorata-skarbek.com\/wp-content\/uploads\/2022\/05\/Aerflow-dla-kogo-768x512.jpg 768w, https:\/\/honorata-skarbek.com\/wp-content\/uploads\/2022\/05\/Aerflow-dla-kogo-18x12.jpg 18w, https:\/\/honorata-skarbek.com\/wp-content\/uploads\/2022\/05\/Aerflow-dla-kogo.jpg 1200w\" sizes=\"(max-width: 496px) 100vw, 496px\" \/><\/figure>\n<\/div>\n\n\n<p class=\"wp-block-paragraph\">A horkol\u00e1ssal nagyon neh\u00e9z megbirk\u00f3zni, \u00e9s sok rendelkez\u00e9sre \u00e1ll\u00f3 m\u00f3dszer sikertelen. Az Aerflow hat\u00e9konys\u00e1ga \u00fajra \u00e9s \u00fajra bebizonyosodott, \u00edgy ez a megfelel\u0151 v\u00e1laszt\u00e1s mindenkinek, aki gyors \u00e9s hat\u00e9kony gy\u00f3gym\u00f3dot szeretne a horkol\u00e1sra. A klipsz k\u00e9nyelmesen haszn\u00e1lhat\u00f3, \u00e9s nem zavar\u00f3, mint m\u00e1s, erre a c\u00e9lra haszn\u00e1lt klipszek.<\/p>\n\n\n\n<p class=\"wp-block-paragraph\">A klipszet szakemberek \u00fagy \u00e1ll\u00edtott\u00e1k \u00f6ssze, hogy ne csak a t\u00fcneteket takarja el, hanem a horkol\u00e1s\u00e9rt felel\u0151s okokra is hat\u00e1ssal legyen. M\u00e9g ha hossz\u00fa ideig haszn\u00e1lja is, nem kell agg\u00f3dnia a mell\u00e9khat\u00e1sok miatt, de megv\u00e9di eg\u00e9szs\u00e9g\u00e9t a horkol\u00e1sb\u00f3l ered\u0151 sz\u00f6v\u0151dm\u00e9nyekt\u0151l.<\/p>\n\n\n\n<h2 class=\"wp-block-heading\"><span class=\"ez-toc-section\" id=\"Aerflow_Cena\"><\/span>Aerflow \u00c1r<span class=\"ez-toc-section-end\"><\/span><\/h2>\n\n\n\n<div class=\"wp-block-media-text alignwide is-stacked-on-mobile\" style=\"grid-template-columns:29% auto\"><figure class=\"wp-block-media-text__media\"><a href=\"https:\/\/honorata-skarbek.com\/hu\/aer\/\" target=\"_blank\" rel=\"noreferrer noopener\"><img decoding=\"async\" width=\"311\" height=\"300\" src=\"https:\/\/honorata-skarbek.com\/wp-content\/uploads\/2022\/05\/Aerflow-removebg-preview-1.png\" alt=\"Aerflow - \u00e1r, ahol v\u00e1s\u00e1rolni\" class=\"wp-image-2479 size-full\" title=\"\" srcset=\"https:\/\/honorata-skarbek.com\/wp-content\/uploads\/2022\/05\/Aerflow-removebg-preview-1.png 311w, https:\/\/honorata-skarbek.com\/wp-content\/uploads\/2022\/05\/Aerflow-removebg-preview-1-300x289.png 300w, https:\/\/honorata-skarbek.com\/wp-content\/uploads\/2022\/05\/Aerflow-removebg-preview-1-12x12.png 12w\" sizes=\"(max-width: 311px) 100vw, 311px\" \/><\/a><\/figure><div class=\"wp-block-media-text__content\">\n<p class=\"wp-block-paragraph\"><strong>Mennyibe ker\u00fcl az Aerflow? Hol adhatom le a rendel\u00e9semet?<\/strong><\/p>\n\n\n\n<p class=\"wp-block-paragraph\">Az Aerflow kiz\u00e1r\u00f3lag a gy\u00e1rt\u00f3 weboldal\u00e1n ker\u00fcl \u00e9rt\u00e9kes\u00edt\u00e9sre. Ott ellen\u0151rizheti az aktu\u00e1lis \u00e1r\u00e1t, \u00e9s \u00e9rdemes hozz\u00e1tenni, hogy gyakran a klip el\u00e9rhet\u0151 prom\u00f3ci\u00f3ban. Lehet\u0151s\u00e9g van a csomag fut\u00e1rral t\u00f6rt\u00e9n\u0151 elk\u00fcld\u00e9s\u00e9re vagy csomagautomat\u00e1ba helyez\u00e9s\u00e9re, a fizet\u00e9s pedig k\u00e9zbes\u00edt\u00e9skor t\u00f6rt\u00e9nhet.<\/p>\n\n\n\n<div class=\"wp-block-buttons is-content-justification-center is-layout-flex wp-container-core-buttons-is-layout-fe48e5de wp-block-buttons-is-layout-flex\">\n<div class=\"wp-block-button has-custom-width wp-block-button__width-75 has-custom-font-size has-medium-font-size\"><a class=\"wp-block-button__link has-blush-bordeaux-gradient-background has-background\" href=\"https:\/\/honorata-skarbek.com\/hu\/aer\/\" target=\"_blank\" rel=\"noreferrer noopener\">A gy\u00e1rt\u00f3 honlapja<\/a><\/div>\n<\/div>\n<\/div><\/div>\n\n\n\n<figure class=\"wp-block-table\"><table class=\"has-very-light-gray-to-cyan-bluish-gray-gradient-background has-background has-fixed-layout\"><tbody><tr><td>Term\u00e9k neve<\/td><td>Aerflow <\/td><\/tr><tr><td>Hol lehet megv\u00e1s\u00e1rolni?<\/td><td><strong><a href=\"https:\/\/honorata-skarbek.com\/hu\/aer\/\" target=\"_blank\" rel=\"noreferrer noopener nofollow\">\u25b6\ufe0f A gy\u00e1rt\u00f3 honlapja<\/a><\/strong><\/td><\/tr><tr><td>Szak\u00e9rt\u0151k \u00e9szrev\u00e9telei<\/td><td>Aj\u00e1nlott term\u00e9k<\/td><\/tr><tr><td>V\u00e9lem\u00e9nyek<\/td><td>\u2b50\ufe0f Pozit\u00edv<\/td><\/tr><tr><td>El\u00e9rhet\u0151s\u00e9g a gy\u00f3gyszert\u00e1rakban<\/td><td>\u274c Nincs<\/td><\/tr><tr><td>A tengerent\u00fali sz\u00e1ll\u00edt\u00e1s el\u00e9rhet\u0151?<\/td><td>Igen<\/td><\/tr><\/tbody><\/table><\/figure>\n\n\n<div id=\"rank-math-faq\" class=\"rank-math-block\">\n<div class=\"rank-math-list\">\n<div id=\"faq-question-1653588985227\" class=\"rank-math-list-item\">\n<h3 class=\"rank-math-question\"><span class=\"ez-toc-section\" id=\"Co_to_jest_Aerflow-2\"><\/span>Mi az Aerflow?<span class=\"ez-toc-section-end\"><\/span><\/h3>\n<div class=\"rank-math-answer\">\n\n<p>Ez egy klipsz alak\u00fa eszk\u00f6z a horkol\u00e1s megel\u0151z\u00e9s\u00e9re.<\/p>\n\n<\/div>\n<\/div>\n<div id=\"faq-question-1653591512368\" class=\"rank-math-list-item\">\n<h3 class=\"rank-math-question\"><span class=\"ez-toc-section\" id=\"Jak_stosowac_Aerflow\"><\/span>Hogyan kell haszn\u00e1lni az Aerflowt?<span class=\"ez-toc-section-end\"><\/span><\/h3>\n<div class=\"rank-math-answer\">\n\n<p>Az Aerflow felhelyez\u00e9s\u00e9hez nincs sz\u00fcks\u00e9g ragaszt\u00f3ra vagy ragaszt\u00f3szalagra. A klipszet egyszer\u0171en az orrba kell helyezni, \u00e9s ennyi, \u00e9s amikor fel\u00e9bred, a k\u00e9sz\u00fcl\u00e9ket meg kell tiszt\u00edtani, a dobozban kell t\u00e1rolni, \u00e9s este vissza kell tenni. A klipszet haszn\u00e1l\u00f3k \u00e1ltal\u00e1ban m\u00e1r egy haszn\u00e1lat ut\u00e1n hozz\u00e1szoknak.<\/p>\n\n<\/div>\n<\/div>\n<div id=\"faq-question-1653591625881\" class=\"rank-math-list-item\">\n<h3 class=\"rank-math-question\"><span class=\"ez-toc-section\" id=\"Czy_Aerflow_mozna_kupic_w_aptece\"><\/span>Az Aerflow megv\u00e1s\u00e1rolhat\u00f3 gy\u00f3gyszert\u00e1rban?<span class=\"ez-toc-section-end\"><\/span><\/h3>\n<div class=\"rank-math-answer\">\n\n<p>A klip nem kaphat\u00f3 a gy\u00f3gyszert\u00e1rakban. Azonban a gy\u00e1rt\u00f3 \u00e1ltal a betegt\u00e1j\u00e9koztat\u00f3ban le\u00edrtak szerint kell haszn\u00e1lni. <\/p>\n\n<\/div>\n<\/div>\n<div id=\"faq-question-1653591707236\" class=\"rank-math-list-item\">\n<h3 class=\"rank-math-question\"><span class=\"ez-toc-section\" id=\"Czy_kazdy_moze_uzywac_Aerflow\"><\/span>Haszn\u00e1lhatja valaki az Aerflowt?<span class=\"ez-toc-section-end\"><\/span><\/h3>\n<div class=\"rank-math-answer\">\n\n<p>A term\u00e9ket horkol\u00e1si probl\u00e9m\u00e1kkal k\u00fczd\u0151 feln\u0151tteknek sz\u00e1nj\u00e1k.<\/p>\n\n<\/div>\n<\/div>\n<div id=\"faq-question-1653591763221\" class=\"rank-math-list-item\">\n<h3 class=\"rank-math-question\"><span class=\"ez-toc-section\" id=\"Jakie_efekty_sa_po_stosowaniu_Aerflow\"><\/span>Milyen hat\u00e1sok jelentkeznek az Aerflow haszn\u00e1lata ut\u00e1n?<span class=\"ez-toc-section-end\"><\/span><\/h3>\n<div class=\"rank-math-answer\">\n\n<p>Az Aerflow nagyon hat\u00e9kony, mert megsz\u00fcnteti a horkol\u00e1st. A v\u00e9r oxig\u00e9nkoncentr\u00e1ci\u00f3ja megn\u0151, a l\u00e9gutak visszanyerik teljes \u00e1tj\u00e1rhat\u00f3s\u00e1gukat, reggelre teljesen kipihent leszel.<\/p>\n\n<\/div>\n<\/div>\n<\/div>\n<\/div>","protected":false},"excerpt":{"rendered":"<p>Az Aerflow azoknak sz\u00f3l, akik hat\u00e9kony m\u00f3dszert keresnek a horkol\u00e1s ellen. Ez az\u00e9rt kellemetlen, mert s\u00falyosan megzavarja az alv\u00e1st, \u00e9s nem csak a horkol\u00f3 szem\u00e9ly sz\u00e1m\u00e1ra. Ez egy speci\u00e1lisan kialak\u00edtott eszk\u00f6z, amely az orrba helyezve helyre\u00e1ll\u00edtja a megfelel\u0151 l\u00e9g\u00e1raml\u00e1st, \u00edgy megsz\u00fcnteti a horkol\u00e1st. De vajon bizony\u00edtottan hat\u00e9kony? \u00c9s hogyan n\u00e9z ki ez a m\u00f3dszer a ... <a title=\"Aerflow Opinie &#8211; Gdzie Kupi\u0107, Cena, Dzia\u0142anie, Efekty, Komentarze\" class=\"read-more\" href=\"https:\/\/honorata-skarbek.com\/hu\/aerflow\/\" aria-label=\"Tov\u00e1bb Aerflow Opinie &#8211; Gdzie Kupi\u0107, Cena, Dzia\u0142anie, Efekty, Komentarze\">Olvass tov\u00e1bb<\/a><\/p>","protected":false},"author":1,"featured_media":2473,"comment_status":"open","ping_status":"open","sticky":false,"template":"","format":"standard","meta":{"footnotes":""},"categories":[21],"tags":[350,351,349],"class_list":["post-2472","post","type-post","status-publish","format-standard","has-post-thumbnail","hentry","category-zdrowie","tag-aerflow-cena","tag-aerflow-dzialanie","tag-aerflow-opinie"],"_links":{"self":[{"href":"https:\/\/honorata-skarbek.com\/hu\/wp-json\/wp\/v2\/posts\/2472","targetHints":{"allow":["GET"]}}],"collection":[{"href":"https:\/\/honorata-skarbek.com\/hu\/wp-json\/wp\/v2\/posts"}],"about":[{"href":"https:\/\/honorata-skarbek.com\/hu\/wp-json\/wp\/v2\/types\/post"}],"author":[{"embeddable":true,"href":"https:\/\/honorata-skarbek.com\/hu\/wp-json\/wp\/v2\/users\/1"}],"replies":[{"embeddable":true,"href":"https:\/\/honorata-skarbek.com\/hu\/wp-json\/wp\/v2\/comments?post=2472"}],"version-history":[{"count":0,"href":"https:\/\/honorata-skarbek.com\/hu\/wp-json\/wp\/v2\/posts\/2472\/revisions"}],"wp:featuredmedia":[{"embeddable":true,"href":"https:\/\/honorata-skarbek.com\/hu\/wp-json\/wp\/v2\/media\/2473"}],"wp:attachment":[{"href":"https:\/\/honorata-skarbek.com\/hu\/wp-json\/wp\/v2\/media?parent=2472"}],"wp:term":[{"taxonomy":"category","embeddable":true,"href":"https:\/\/honorata-skarbek.com\/hu\/wp-json\/wp\/v2\/categories?post=2472"},{"taxonomy":"post_tag","embeddable":true,"href":"https:\/\/honorata-skarbek.com\/hu\/wp-json\/wp\/v2\/tags?post=2472"}],"curies":[{"name":"wp","href":"https:\/\/api.w.org\/{rel}","templated":true}]}}