{"id":333,"date":"2024-10-25T10:59:51","date_gmt":"2024-10-25T10:59:51","guid":{"rendered":"https:\/\/honorata-skarbek.com\/?p=333"},"modified":"2024-10-25T11:00:03","modified_gmt":"2024-10-25T11:00:03","slug":"depanten-3","status":"publish","type":"post","link":"https:\/\/honorata-skarbek.com\/hu\/depanten-3\/","title":{"rendered":"Depanten - V\u00e9lem\u00e9nyek - \u00c1r - \u00d6sszetev\u0151k - F\u00f3rum - Hol lehet megv\u00e1s\u00e1rolni - Gy\u00e1rt\u00f3 - Gy\u00f3gyszert\u00e1r"},"content":{"rendered":"<div id=\"ez-toc-container\" class=\"ez-toc-v2_0_82_2 counter-hierarchy ez-toc-counter ez-toc-light-blue ez-toc-container-direction\">\n<p class=\"ez-toc-title\" style=\"cursor:inherit\">Tartalomjegyz\u00e9k<\/p>\n<label for=\"ez-toc-cssicon-toggle-item-69f38d2da9445\" class=\"ez-toc-cssicon-toggle-label\"><span class=\"\"><span class=\"eztoc-hide\" style=\"display:none;\">Toggle<\/span><span class=\"ez-toc-icon-toggle-span\"><svg style=\"fill: #999;color:#999\" xmlns=\"http:\/\/www.w3.org\/2000\/svg\" class=\"list-377408\" width=\"20px\" height=\"20px\" viewbox=\"0 0 24 24\" fill=\"none\"><path d=\"M6 6H4v2h2V6zm14 0H8v2h12V6zM4 11h2v2H4v-2zm16 0H8v2h12v-2zM4 16h2v2H4v-2zm16 0H8v2h12v-2z\" fill=\"currentColor\"><\/path><\/svg><svg style=\"fill: #999;color:#999\" class=\"arrow-unsorted-368013\" xmlns=\"http:\/\/www.w3.org\/2000\/svg\" width=\"10px\" height=\"10px\" viewbox=\"0 0 24 24\" version=\"1.2\" baseprofile=\"tiny\"><path d=\"M18.2 9.3l-6.2-6.3-6.2 6.3c-.2.2-.3.4-.3.7s.1.5.3.7c.2.2.4.3.7.3h11c.3 0 .5-.1.7-.3.2-.2.3-.5.3-.7s-.1-.5-.3-.7zM5.8 14.7l6.2 6.3 6.2-6.3c.2-.2.3-.5.3-.7s-.1-.5-.3-.7c-.2-.2-.4-.3-.7-.3h-11c-.3 0-.5.1-.7.3-.2.2-.3.5-.3.7s.1.5.3.7z\"\/><\/svg><\/span><\/span><\/label><input type=\"checkbox\"  id=\"ez-toc-cssicon-toggle-item-69f38d2da9445\" checked aria-label=\"Toggle\" \/><nav><ul class='ez-toc-list ez-toc-list-level-1' ><li class='ez-toc-page-1 ez-toc-heading-level-2'><a class=\"ez-toc-link ez-toc-heading-1\" href=\"https:\/\/honorata-skarbek.com\/hu\/depanten-3\/#Bol_stawow_%E2%80%93_jak_to_leczyc\" >\u00cdz\u00fcleti f\u00e1jdalom - hogyan kezelj\u00fck?<\/a><\/li><li class='ez-toc-page-1 ez-toc-heading-level-2'><a class=\"ez-toc-link ez-toc-heading-2\" href=\"https:\/\/honorata-skarbek.com\/hu\/depanten-3\/#Depanten_zel_na_stawy\" >Depanten \u00edz\u00fcleti g\u00e9l<\/a><\/li><li class='ez-toc-page-1 ez-toc-heading-level-2'><a class=\"ez-toc-link ez-toc-heading-3\" href=\"https:\/\/honorata-skarbek.com\/hu\/depanten-3\/#Zel_Depanten_skladniki\" >Depanten g\u00e9l \u00f6sszetev\u0151k<\/a><\/li><li class='ez-toc-page-1 ez-toc-heading-level-2'><a class=\"ez-toc-link ez-toc-heading-4\" href=\"https:\/\/honorata-skarbek.com\/hu\/depanten-3\/#Jak_dziala_zel_Depanten\" >Hogyan fejti ki hat\u00e1s\u00e1t a Depanten g\u00e9l?<\/a><\/li><li class='ez-toc-page-1 ez-toc-heading-level-2'><a class=\"ez-toc-link ez-toc-heading-5\" href=\"https:\/\/honorata-skarbek.com\/hu\/depanten-3\/#Depanten_zel_efekty_stosowania\" >Depanten g\u00e9l hat\u00e1sai<\/a><\/li><li class='ez-toc-page-1 ez-toc-heading-level-2'><a class=\"ez-toc-link ez-toc-heading-6\" href=\"https:\/\/honorata-skarbek.com\/hu\/depanten-3\/#Zalety_zelu_Depantent\" >A Depantent g\u00e9l el\u0151nyei:<\/a><\/li><li class='ez-toc-page-1 ez-toc-heading-level-2'><a class=\"ez-toc-link ez-toc-heading-7\" href=\"https:\/\/honorata-skarbek.com\/hu\/depanten-3\/#Jaka_skutecznosc_ma_Depanten\" >Mennyire hat\u00e9kony a Depanten?<\/a><\/li><li class='ez-toc-page-1 ez-toc-heading-level-2'><a class=\"ez-toc-link ez-toc-heading-8\" href=\"https:\/\/honorata-skarbek.com\/hu\/depanten-3\/#Depanten%E2%80%93_czy_mozliwe_sa_skutki_uboczne_jakie_przweciwskazania\" >Depanten - vannak-e mell\u00e9khat\u00e1sok? mik az ellenjavallatok?<\/a><\/li><li class='ez-toc-page-1 ez-toc-heading-level-2'><a class=\"ez-toc-link ez-toc-heading-9\" href=\"https:\/\/honorata-skarbek.com\/hu\/depanten-3\/#Jak_nalezy_dawkowac_zel_Depanten\" >Hogyan kell adagolni a Depanten g\u00e9lt?<\/a><\/li><li class='ez-toc-page-1 ez-toc-heading-level-2'><a class=\"ez-toc-link ez-toc-heading-10\" href=\"https:\/\/honorata-skarbek.com\/hu\/depanten-3\/#Jakie_sa_opinie_o_tabletkach_Depanten_Komentarze_forum_opinie_ekspertow\" >Mi a v\u00e9lem\u00e9ny a Depanten tablett\u00e1kr\u00f3l? Hozz\u00e1sz\u00f3l\u00e1sok, f\u00f3rum, szak\u00e9rt\u0151i v\u00e9lem\u00e9nyek<\/a><\/li><li class='ez-toc-page-1 ez-toc-heading-level-2'><a class=\"ez-toc-link ez-toc-heading-11\" href=\"https:\/\/honorata-skarbek.com\/hu\/depanten-3\/#Gdzie_zamowic_zel_Depanten\" >Hol rendelhetek Depanten g\u00e9lt?<\/a><\/li><li class='ez-toc-page-1 ez-toc-heading-level-2'><a class=\"ez-toc-link ez-toc-heading-12\" href=\"https:\/\/honorata-skarbek.com\/hu\/depanten-3\/#Depanten_Cena\" >Depanten \u00e1r<\/a><\/li><\/ul><\/nav><\/div>\n\n<p>Az \u00edz\u00fcleti f\u00e1jdalom minden \u00e9letkorban el\u0151fordul. <strong>Depanten g\u00e9l <\/strong>Abban k\u00fcl\u00f6nb\u00f6znek m\u00e1s gy\u00f3gym\u00f3dokt\u00f3l, hogy nem csak a f\u00e1jdalmat fedik el. A gy\u00e1rt\u00f3 azt \u00e1ll\u00edtja, hogy m\u00f3dszere hozz\u00e1j\u00e1rul az \u00e9rintett \u00edz\u00fcletek helyre\u00e1ll\u00edt\u00e1s\u00e1hoz, \u00edgy t\u00f6bb\u00e9 nem lesz sz\u00fcks\u00e9g f\u00e1jdalomcsillap\u00edt\u00f3kra. Hogyan m\u0171k\u00f6dik ez a kezel\u00e9s, \u00e9s val\u00f3ban tart\u00f3s javul\u00e1st hozhat-e? <strong><a href=\"https:\/\/honorata-skarbek.com\/hu\/dep\/\" target=\"_blank\" rel=\"noreferrer noopener nofollow\">www.Depanten.com<\/a><\/strong><\/p>\n\n\n\n<figure class=\"wp-block-table\"><table><tbody><tr><td>\u00c1r <\/td><td>147 z\u0142<\/td><\/tr><tr><td>Hol lehet megv\u00e1s\u00e1rolni?<\/td><td>\u25b6\ufe0f <a href=\"https:\/\/honorata-skarbek.com\/hu\/dep\/\">Hivatalos weboldal<\/a><\/td><\/tr><tr><td>El\u00e9rhet\u0151s\u00e9g a gy\u00f3gyszert\u00e1rakban<\/td><td>\u26d4\ufe0f Nincs<\/td><\/tr><tr><td>\u00dcgyfelek visszajelz\u00e9sei<\/td><td>\u2b50\ufe0f Pozit\u00edv<\/td><\/tr><tr><td>\u00d6sszetev\u0151k<\/td><td>\ud83c\udf3f100% term\u00e9szetes<\/td><\/tr><tr><td>K\u00f6nnyen haszn\u00e1lhat\u00f3?<\/td><td>Igen, olvassa el a cikket<\/td><\/tr><tr><td>Mell\u00e9khat\u00e1sok<\/td><td>\u274c Nincs<\/td><\/tr><\/tbody><\/table><\/figure>\n\n\n\n<h2 class=\"wp-block-heading\"><span class=\"ez-toc-section\" id=\"Bol_stawow_%E2%80%93_jak_to_leczyc\"><\/span>\u00cdz\u00fcleti f\u00e1jdalom - hogyan kezelj\u00fck?<span class=\"ez-toc-section-end\"><\/span><\/h2>\n\n\n\n<p>Az \u00edz\u00fcletek sz\u00e1mos okb\u00f3l zavarhatnak. N\u00e9ha egyszer\u0171en a szervezet term\u00e9szetes \u00f6reged\u00e9s\u00e9nek eredm\u00e9nye, n\u00e9ha pedig s\u00e9r\u00fcl\u00e9s vagy rossz \u00e9letm\u00f3d miatt. Az \u00edz\u00fcletek \u00e1ltal\u00e1ban az\u00e9rt f\u00e1jnak, mert a s\u00farl\u00f3d\u00e1st enyh\u00edt\u0151 \u00edz\u00fcleti folyad\u00e9k mennyis\u00e9ge cs\u00f6kken, \u00e9s a porcsz\u00f6vetek elvesztek. Sajnos sok \u00edz\u00fcleti k\u00e9sz\u00edtm\u00e9ny csak a f\u00e1jdalmas t\u00fcneteket enyh\u00edti, ez\u00e9rt \u00e9rdemes megold\u00e1st keresni,<a href=\"https:\/\/honorata-skarbek.com\/hu\/izuletek\/\" target=\"_blank\" data-type=\"post\" data-id=\"2719\" rel=\"noreferrer noopener\"> hogyan \u00e1poljuk az \u00edz\u00fcleteinket<\/a> - amelyek a f\u00e1jdalom okainak megsz\u00fcntet\u00e9s\u00e9re \u00f6sszpontos\u00edtanak.<\/p>\n\n\n\n<h2 class=\"wp-block-heading\"><span class=\"ez-toc-section\" id=\"Depanten_zel_na_stawy\"><\/span>Depanten \u00edz\u00fcleti g\u00e9l<span class=\"ez-toc-section-end\"><\/span><\/h2>\n\n\n\n<div class=\"wp-block-media-text alignwide is-stacked-on-mobile\" style=\"grid-template-columns:15% auto\"><figure class=\"wp-block-media-text__media\"><a href=\"https:\/\/honorata-skarbek.com\/hu\/dep\/\" target=\"_blank\" rel=\"noopener\"><img decoding=\"async\" width=\"308\" height=\"614\" src=\"https:\/\/honorata-skarbek.com\/wp-content\/uploads\/2022\/04\/depanten.png\" alt=\"depanten \u00edz\u00fcleti g\u00e9l\" class=\"wp-image-1876 size-full\" title=\"\" srcset=\"https:\/\/honorata-skarbek.com\/wp-content\/uploads\/2022\/04\/depanten.png 308w, https:\/\/honorata-skarbek.com\/wp-content\/uploads\/2022\/04\/depanten-150x300.png 150w, https:\/\/honorata-skarbek.com\/wp-content\/uploads\/2022\/04\/depanten-6x12.png 6w\" sizes=\"(max-width: 308px) 100vw, 308px\" \/><\/a><\/figure><div class=\"wp-block-media-text__content\">\n<p>A Depanten g\u00e9l a megold\u00e1s? Amint azt a gy\u00e1rt\u00f3 le\u00edr\u00e1s\u00e1b\u00f3l megtudhatja, a kieg\u00e9sz\u00edt\u0151nek hossz\u00fa t\u00e1v\u00fa hat\u00e1sa van, \u00e9s messze t\u00falmutat a f\u00e1jdalomcsillap\u00edt\u00e1son. A g\u00e9lt eg\u00e9sz h\u00f3napban kell szedni, m\u00e9g a f\u00e1jdalom enyh\u00fcl\u00e9se ut\u00e1n is, mivel a Depanten formula hozz\u00e1j\u00e1rul a s\u00e9r\u00fclt \u00edz\u00fclet gyors helyre\u00e1ll\u00edt\u00e1s\u00e1hoz.<\/p>\n<\/div><\/div>\n\n\n\n<div class=\"wp-block-buttons is-horizontal is-content-justification-center is-layout-flex wp-container-core-buttons-is-layout-499968f5 wp-block-buttons-is-layout-flex\">\n<div class=\"wp-block-button has-custom-width wp-block-button__width-50\"><a class=\"wp-block-button__link has-vivid-cyan-blue-background-color has-background wp-element-button\" href=\"https:\/\/honorata-skarbek.com\/hu\/dep\/\" style=\"border-radius:50px\">A gy\u00e1rt\u00f3 honlapja itt <\/a><\/div>\n<\/div>\n\n\n\n<p>A Depanten megv\u00e1s\u00e1rl\u00e1s\u00e1hoz nem kell recept, a term\u00e9k minden 18 \u00e9v feletti szem\u00e9ly sz\u00e1m\u00e1ra alkalmas. A kieg\u00e9sz\u00edt\u00e9s m\u00e1s \u00edz\u00fcleti gy\u00f3gyszerekkel vagy ken\u0151cs\u00f6kkel p\u00e1rhuzamosan is szedhet\u0151, de a gy\u00e1rt\u00f3 szerint elegend\u0151 csak a tablett\u00e1kat szedni.<\/p>\n\n\n\n<p>Kr\u00f3nikus \u00edz\u00fcleti \u00e9s gerincf\u00e1jdalom, \u00edz\u00fcleti gyullad\u00e1s, artritisz, reuma, reumatoid artritisz, s\u00e9r\u00fcl\u00e9sek \u00e9s traum\u00e1k szerepelnek a Depanten tablett\u00e1val megsz\u00fcntethet\u0151 \u00e1llapotok list\u00e1j\u00e1n. A k\u00e9sz\u00edtm\u00e9ny seg\u00edt mind a s\u00e9r\u00fcl\u00e9st szenvedett embereknek, mind azoknak a betegeknek, akik m\u00e1r hossz\u00fa ideje sikertelen\u00fcl kezelik az \u00edz\u00fcleteiket.<\/p>\n\n\n\n<h2 class=\"wp-block-heading\"><span class=\"ez-toc-section\" id=\"Zel_Depanten_skladniki\"><\/span>Depanten g\u00e9l \u00f6sszetev\u0151k<span class=\"ez-toc-section-end\"><\/span><\/h2>\n\n\n\n<ol class=\"wp-block-list\">\n<li>C\u00e1paporc A csontok \u00e9s izmok t\u00f6k\u00e9letes \u00e1llapotban tart\u00e1s\u00e1hoz sz\u00fcks\u00e9ges \u00f6sszetev\u0151. A g\u00e9l form\u00e1j\u00e1ban sz\u00e1ll\u00edtott k\u00e9sz\u00edtm\u00e9ny er\u0151s\u00edti a csontokat, izmokat \u00e9s \u00edz\u00fcleteket. Regener\u00e1l\u00f3 tulajdons\u00e1gokkal rendelkezik. Nagyon hasznos az \u00edz\u00fcleti gyullad\u00e1s eset\u00e9n, mivel elt\u00e1vol\u00edtja a m\u00e9reganyagokat a szervezetb\u0151l, amelyek ezt a betegs\u00e9get okozz\u00e1k. Hat\u00e9kony a reum\u00e1s \u00edz\u00fcleti gyullad\u00e1s \u00e9s a h\u00e1tf\u00e1j\u00e1s kezel\u00e9s\u00e9ben. Serkenti a kollag\u00e9ntermel\u00e9st, amely p\u00f3tolja a porcsz\u00f6vetet. V\u00e9di a csontokat a csontritkul\u00e1s ellen. Nagyon j\u00f3l alkalmazhat\u00f3 b\u0151rs\u00e9r\u00fcl\u00e9sek, \u00e9g\u00e9si s\u00e9r\u00fcl\u00e9sek \u00e9s v\u00e1g\u00e1sok eset\u00e9n.<\/li>\n\n\n\n<li>Kollag\u00e9n - Nagyon er\u0151s antioxid\u00e1ns tulajdons\u00e1gokkal rendelkezik, elt\u00e1vol\u00edtja a szervezetb\u0151l a szabad gy\u00f6k\u00f6ket, amelyek k\u00e1ros\u00edtj\u00e1k az eg\u00e9szs\u00e9ges sz\u00f6veteket. Csillap\u00edtja a gyullad\u00e1st \u00e9s jav\u00edtja a fontos t\u00e1panyagok sejtekbe jut\u00e1s\u00e1t. Er\u0151s\u00edti az izmokat. Enyh\u00edti a b\u0151rirrit\u00e1ci\u00f3kat \u00e9s jav\u00edtja annak megjelen\u00e9s\u00e9t.<\/li>\n\n\n\n<li>Kurkuma kivonat - Gyullad\u00e1scs\u00f6kkent\u0151 tulajdons\u00e1gokkal rendelkezik. Hozz\u00e1j\u00e1rul a k\u00f6t\u0151sz\u00f6vet rugalmass\u00e1g\u00e1nak n\u00f6vel\u00e9s\u00e9hez, amely <a href=\"https:\/\/honorata-skarbek.com\/hu\/ostyhealth\/\" target=\"_blank\" data-type=\"post\" data-id=\"1159\" rel=\"noreferrer noopener\">pozit\u00edvan befoly\u00e1solja az \u00edz\u00fcletek mozg\u00e9konys\u00e1g\u00e1t<\/a>. T\u00e1mogatja a reum\u00e1s \u00edz\u00fcleti gyullad\u00e1s kezel\u00e9s\u00e9t. Er\u0151s\u00edti az immunrendszert. Jav\u00edtja a tabletta egy\u00e9b \u00f6sszetev\u0151inek felsz\u00edv\u00f3d\u00e1s\u00e1t.<\/li>\n\n\n\n<li>Vitamin Biokomplex - A komplex C-vitaminb\u00f3l \u00e9s B-csoport\u00fa vitaminokb\u00f3l \u00e1ll. Ezek felel\u0151sek a szervezet ellen\u00e1ll\u00e1s\u00e1\u00e9rt \u00e9s a vesz\u00e9lyes szabad gy\u00f6k\u00f6k elpuszt\u00edt\u00e1s\u00e1\u00e9rt. R\u00e9szt vesznek a kollag\u00e9n termel\u00e9s\u00e9ben, amely sz\u00fcks\u00e9ges az \u00edz\u00fcletek regener\u00e1ci\u00f3j\u00e1hoz.<\/li>\n<\/ol>\n\n\n\n<h2 class=\"wp-block-heading\"><span class=\"ez-toc-section\" id=\"Jak_dziala_zel_Depanten\"><\/span>Hogyan fejti ki hat\u00e1s\u00e1t a Depanten g\u00e9l?<span class=\"ez-toc-section-end\"><\/span><\/h2>\n\n\n<div class=\"wp-block-image\">\n<figure class=\"alignleft size-full\"><a href=\"https:\/\/honorata-skarbek.com\/hu\/dep\/\" target=\"_blank\" rel=\"noreferrer noopener\"><img decoding=\"async\" width=\"350\" height=\"300\" src=\"https:\/\/honorata-skarbek.com\/wp-content\/uploads\/2022\/04\/depanten-dzialanie-sklad-efekty.png\" alt=\"depanten \u00f6sszet\u00e9tele, az \u00f6sszetev\u0151k hat\u00e1sa, hat\u00e1sa\" class=\"wp-image-1878\" title=\"\" srcset=\"https:\/\/honorata-skarbek.com\/wp-content\/uploads\/2022\/04\/depanten-dzialanie-sklad-efekty.png 350w, https:\/\/honorata-skarbek.com\/wp-content\/uploads\/2022\/04\/depanten-dzialanie-sklad-efekty-300x257.png 300w, https:\/\/honorata-skarbek.com\/wp-content\/uploads\/2022\/04\/depanten-dzialanie-sklad-efekty-14x12.png 14w\" sizes=\"(max-width: 350px) 100vw, 350px\" \/><\/a><\/figure>\n<\/div>\n\n\n<p><strong>A Depanten hat\u00e1s\u00e1nak els\u0151 szakasza a f\u00e1jdalom megsz\u00fcntet\u00e9se. De ez nem az egyetlen tulajdons\u00e1ga ennek a kieg\u00e9sz\u00edt\u00e9snek, ez\u00e9rt fontos, hogy naponta szedje, hogy az \u00f6sszetev\u0151k tov\u00e1bbra is m\u0171k\u00f6dhessenek.<\/strong><\/p>\n\n\n\n<p><strong>A kieg\u00e9sz\u00edt\u00e9s m\u00e1sodik fontos tulajdons\u00e1ga, hogy serkenti a kollag\u00e9ntermel\u00e9st. Ennek hi\u00e1nya okozza a porcok roml\u00e1s\u00e1t, ami a legkisebb \u00edz\u00fcleti mozg\u00e1sra is f\u00e1jdalmat okoz. N\u00f6veli az \u00edz\u00fcleti folyad\u00e9k mennyis\u00e9g\u00e9t is, amely a csontok \u00e9s porcok v\u00e9delm\u00e9hez sz\u00fcks\u00e9ges.<\/strong><\/p>\n\n\n\n<p style=\"font-size:23px\"><strong><a href=\"https:\/\/honorata-skarbek.com\/hu\/dep\/\" target=\"_blank\" rel=\"noreferrer noopener nofollow\">www.Depanten.com<\/a><\/strong><\/p>\n\n\n\n<h2 class=\"wp-block-heading\"><span class=\"ez-toc-section\" id=\"Depanten_zel_efekty_stosowania\"><\/span>Depanten g\u00e9l hat\u00e1sai<span class=\"ez-toc-section-end\"><\/span><\/h2>\n\n\n\n<p><strong>Milyen hat\u00e1sai vannak a Depanten alkalmaz\u00e1s\u00e1nak? A gy\u00e1rt\u00f3 \u00e1ll\u00edt\u00e1sa szerint a g\u00e9l \u00e1ltal\u00e1ban m\u00e1r egy h\u00f3napos szed\u00e9s ut\u00e1n seg\u00edt visszanyerni az \u00edz\u00fcletek teljes mobilit\u00e1s\u00e1t \u00e9s a gerinc helyes tart\u00e1s\u00e1t. Az izoms\u00e9r\u00fcl\u00e9sek megsz\u0171nnek, maguk az izmok pedig er\u0151sebbek, \u00e9s \u00edgy jobban tartj\u00e1k az \u00edz\u00fcleteket. A kieg\u00e9sz\u00edt\u00e9s elt\u00e1vol\u00edtja az \u00edz\u00fcletek duzzanat\u00e1t, megsz\u00fcnteti a gyullad\u00e1sos f\u00f3kuszokat.<\/strong><\/p>\n\n\n\n<h2 class=\"wp-block-heading\"><span class=\"ez-toc-section\" id=\"Zalety_zelu_Depantent\"><\/span>A Depantent g\u00e9l el\u0151nyei:<span class=\"ez-toc-section-end\"><\/span><\/h2>\n\n\n\n<ul class=\"wp-block-list\">\n<li>gyors cselekv\u00e9s<\/li>\n\n\n\n<li> nincsenek mell\u00e9khat\u00e1sok<\/li>\n\n\n\n<li> semleges a m\u00e1j \u00e9s a hasny\u00e1lmirigy sz\u00e1m\u00e1ra<\/li>\n\n\n\n<li> porc rekonstrukci\u00f3<\/li>\n\n\n\n<li> fokozott kollag\u00e9ntermel\u00e9s <\/li>\n\n\n\n<li>helyre\u00e1llt \u00edz\u00fcleti funkci\u00f3<\/li>\n<\/ul>\n\n\n\n<h2 class=\"wp-block-heading\"><span class=\"ez-toc-section\" id=\"Jaka_skutecznosc_ma_Depanten\"><\/span>Mennyire hat\u00e9kony a Depanten?<span class=\"ez-toc-section-end\"><\/span><\/h2>\n\n\n\n<p>Miel\u0151tt a Depanten g\u00e9l forgalomba ker\u00fclt volna, tesztek \u00e9s klinikai vizsg\u00e1latok eg\u00e9sz sor\u00e1n ment kereszt\u00fcl. Meg kellett er\u0151s\u00edteni\u00fck, hogy a kieg\u00e9sz\u00edt\u0151 nem k\u00e1ros\u00edtja az eg\u00e9szs\u00e9get, \u00e9s a kezel\u00e9s a fesz\u00fclt izmok \u00e9s \u00edz\u00fcletek teljes regener\u00e1ci\u00f3j\u00e1hoz vezet. <a href=\"https:\/\/honorata-skarbek.com\/hu\/plastry-magnetum-arthro\/\" target=\"_blank\" aria-label=\" (\u00faj lapon ny\u00edlik meg)\" rel=\"noreferrer noopener\" class=\"rank-math-link\">magentum arthro<\/a><\/p>\n\n\n\n<p><strong>E vizsg\u00e1latok eredm\u00e9nyeit a gy\u00e1rt\u00f3 honlapj\u00e1n ellen\u0151rizheti. R\u00f6viden, a Depanten g\u00e9l nagyon magas hat\u00e9konys\u00e1got mutatott olyan ter\u00fcleteken, mint a f\u00e1jdalomcsillap\u00edt\u00f3 tulajdons\u00e1gok, a kollag\u00e9ntermel\u00e9s, a porc regener\u00e1ci\u00f3ja, az \u00edz\u00fcleti mobilit\u00e1s jav\u00edt\u00e1sa.<\/strong><\/p>\n\n\n\n<div class=\"wp-block-buttons is-horizontal is-content-justification-center is-layout-flex wp-container-core-buttons-is-layout-499968f5 wp-block-buttons-is-layout-flex\">\n<div class=\"wp-block-button has-custom-width wp-block-button__width-50\"><a class=\"wp-block-button__link has-vivid-cyan-blue-background-color has-background wp-element-button\" href=\"https:\/\/honorata-skarbek.com\/hu\/dep\/\" style=\"border-radius:50px\">A gy\u00e1rt\u00f3 honlapja itt <\/a><\/div>\n<\/div>\n\n\n\n<h2 class=\"wp-block-heading\"><span class=\"ez-toc-section\" id=\"Depanten%E2%80%93_czy_mozliwe_sa_skutki_uboczne_jakie_przweciwskazania\"><\/span>Depanten - vannak-e mell\u00e9khat\u00e1sok? mik az ellenjavallatok?<span class=\"ez-toc-section-end\"><\/span><\/h2>\n\n\n\n<p>Mivel ez biztos\u00edtja <strong>gy\u00e1rt\u00f3 Depanten<\/strong>A mell\u00e9khat\u00e1sok val\u00f3sz\u00edn\u0171s\u00e9ge rendk\u00edv\u00fcl alacsony - eddig nem jelentettek ilyen esetet. Nemk\u00edv\u00e1natos reakci\u00f3k l\u00e9phetnek fel, ha \u00d6n allergi\u00e1s az \u00f6sszetev\u0151kre, ez\u00e9rt a kezel\u00e9s megkezd\u00e9se el\u0151tt figyelmesen olvassa el a betegt\u00e1j\u00e9koztat\u00f3t.<\/p>\n\n\n<div class=\"wp-block-image\">\n<figure class=\"aligncenter size-full\"><a href=\"https:\/\/honorata-skarbek.com\/hu\/dep\/\" target=\"_blank\" rel=\"noopener\"><img decoding=\"async\" width=\"350\" height=\"300\" src=\"https:\/\/honorata-skarbek.com\/wp-content\/uploads\/2022\/04\/depanten-prezzo.png\" alt=\"depanten forum, gy\u00f3gyszert\u00e1ri el\u00e9rhet\u0151s\u00e9g\" class=\"wp-image-1884\" title=\"\" srcset=\"https:\/\/honorata-skarbek.com\/wp-content\/uploads\/2022\/04\/depanten-prezzo.png 350w, https:\/\/honorata-skarbek.com\/wp-content\/uploads\/2022\/04\/depanten-prezzo-300x257.png 300w, https:\/\/honorata-skarbek.com\/wp-content\/uploads\/2022\/04\/depanten-prezzo-14x12.png 14w\" sizes=\"(max-width: 350px) 100vw, 350px\" \/><\/a><\/figure>\n<\/div>\n\n\n<p>A term\u00e9k term\u00e9szetes, de a betegt\u00e1j\u00e9koztat\u00f3ban megadott adagot nem szabad t\u00fall\u00e9pni. A kieg\u00e9sz\u00edt\u00e9s azonban meghosszabb\u00edthat\u00f3, ha egy h\u00f3nap eltelt\u00e9vel a s\u00falyosan s\u00e9r\u00fclt \u00edz\u00fclet m\u00e9g nem gy\u00f3gyult meg teljesen. Nem alkalmas kisgyermekek, terhes vagy szoptat\u00f3 n\u0151k sz\u00e1m\u00e1ra.<\/p>\n\n\n\n<h2 class=\"wp-block-heading\"><span class=\"ez-toc-section\" id=\"Jak_nalezy_dawkowac_zel_Depanten\"><\/span>Hogyan kell adagolni a Depanten g\u00e9lt?<span class=\"ez-toc-section-end\"><\/span><\/h2>\n\n\n\n<p>A g\u00e9lt naponta vigye fel a f\u00e1jdalmas ter\u00fcletre, \u00e9s hagyja, hogy teljesen felsz\u00edv\u00f3djon.<\/p>\n\n\n\n<p>A kezel\u00e9s alatt nem kell m\u00e1st tennie, de biztosan csak el\u0151ny\u00e9re v\u00e1lik, ha a megfelel\u0151 testmozg\u00e1st \u00e9s \u00e9trendi v\u00e1ltoztat\u00e1sokat is beiktatja a kezel\u00e9s folyamat\u00e1ba.<\/p>\n\n\n\n<h2 class=\"wp-block-heading\"><span class=\"ez-toc-section\" id=\"Jakie_sa_opinie_o_tabletkach_Depanten_Komentarze_forum_opinie_ekspertow\"><\/span>Mi a v\u00e9lem\u00e9ny a Depanten tablett\u00e1kr\u00f3l? Hozz\u00e1sz\u00f3l\u00e1sok, f\u00f3rum, szak\u00e9rt\u0151i v\u00e9lem\u00e9nyek<span class=\"ez-toc-section-end\"><\/span><\/h2>\n\n\n\n<p><strong>Nagyon sok hozz\u00e1sz\u00f3l\u00e1s a Depanten tablett\u00e1kr\u00f3l pozit\u00edv megjegyz\u00e9sek. Megmutatj\u00e1k, hogy ez a kieg\u00e9sz\u00edt\u00e9s mennyire seg\u00edt, \u00e9s hogy ez az egyszer\u0171en elv\u00e9gezhet\u0151 kezel\u00e9s mennyire j\u00f3t\u00e9kony hat\u00e1s\u00fa. A f\u00f3rumokon a Depanten az egyik legjobban aj\u00e1nlott kieg\u00e9sz\u00edt\u0151, ahogyan az olyan hozz\u00e1sz\u00f3l\u00e1sokban is olvashat\u00f3, mint az al\u00e1bbiakban k\u00f6zz\u00e9tett:<\/strong><\/p>\n\n\n\n<blockquote class=\"wp-block-quote is-layout-flow wp-block-quote-is-layout-flow\">\n<p>\"A fizikai impotencia minden f\u00e9rfi sz\u00e1m\u00e1ra r\u00e9m\u00e1lom. Mindig is nagyon fitt voltam, fitten tartottam magam, nem f\u00e9ltem a meger\u0151ltet\u00e9st\u0151l. De a kor az kor, \u00e9s id\u0151vel el\u0151j\u00f6nnek a nem teljesen begy\u00f3gyult s\u00e9r\u00fcl\u00e9sek, valamint az extr\u00e9m t\u00far\u00e1k, ahol vizes \u00e9s hideg lettem. De nem hagytam, hogy a f\u00e1jdalom legy\u0151zz\u00f6n, megrendeltem a Depanten g\u00e9lt, \u00e9s visszat\u00e9rtem a r\u00e9gi \u00e9letm\u00f3domhoz an\u00e9lk\u00fcl, hogy att\u00f3l kellett volna tartanom, hogy ism\u00e9t k\u00e1rosodnak az \u00edz\u00fcleteim.\" Miroslaw, 55 \u00e9ves<\/p>\n\n\n\n<p>\"Kificamodott a bok\u00e1m az egyik hegyi t\u00far\u00e1mon. Figyelmen k\u00edv\u00fcl hagytam a s\u00e9r\u00fcl\u00e9st, \u00e9s gyorsan visszat\u00e9rtem az aktivit\u00e1shoz, \u00e9s amikor a bok\u00e1m elkezdett f\u00e1jni, egyszer\u0171en bevettem egy g\u00e9lt vagy ken\u0151cs\u00f6t kentem be. A l\u00e1bam egyre f\u00e1jdalmasabb lett, le kellett mondanom az utaz\u00e1sokr\u00f3l, \u00e9s a rehabilit\u00e1ci\u00f3 h\u00f3napokig tartott. Az\u00e9rt vettem Depanten-t, mert az emberek gyakran \u00edrtak ezekr\u0151l a tablett\u00e1kr\u00f3l a f\u00f3rumokon. Nyugodt lelkiismerettel aj\u00e1nlom \u0151ket, mert t\u00e9nyleg sokat seg\u00edtettek nekem.\" Blanka, 29 \u00e9ves<\/p>\n<\/blockquote>\n\n\n\n<h2 class=\"wp-block-heading\"><span class=\"ez-toc-section\" id=\"Gdzie_zamowic_zel_Depanten\"><\/span>Hol rendelhetek Depanten g\u00e9lt?<span class=\"ez-toc-section-end\"><\/span><\/h2>\n\n\n\n<p>Megv\u00e1s\u00e1rolhat\u00f3 ez a g\u00e9l gy\u00f3gyszert\u00e1rban? A v\u00e1lasz nem. A gy\u00e1rt\u00f3 \u00fagy d\u00f6nt\u00f6tt, hogy a tablett\u00e1kat nem forgalmazza gy\u00f3gyszert\u00e1rakban vagy m\u00e1s helyhez k\u00f6t\u00f6tt \u00fczletekben. Hivatalos \u00e9rt\u00e9kes\u00edt\u00e9sre csak a gy\u00e1rt\u00f3 honlapj\u00e1n ker\u00fcl sor. Az ott \u00e9rt\u00e9kes\u00edtett g\u00e9l tan\u00fas\u00edtott, min\u0151s\u00e9gi \u00e9s biztons\u00e1gi garanci\u00e1val rendelkezik.<\/p>\n\n\n\n<p>Mi van akkor, ha siker\u00fcl m\u00e1s oldalakon is megtal\u00e1lni a g\u00e9lt? Lehets\u00e9ges, mert mint minden n\u00e9pszer\u0171 kieg\u00e9sz\u00edt\u0151, a Depanten is meg\u00e9lte, hogy a hivatalos csatorn\u00e1n k\u00edv\u00fcl terjesztett hamis\u00edtv\u00e1nyokat l\u00e1tott. A hamis\u00edtv\u00e1nyok term\u00e9szetesen teljesen m\u00e1s \u00f6sszet\u00e9tel\u0171ek, \u00edgy nem sz\u00e1m\u00edthatsz arra, hogy \u00fagy seg\u00edtenek, mint egy hiteles, hiteles\u00edtett kieg\u00e9sz\u00edt\u0151.<\/p>\n\n\n\n<h2 class=\"wp-block-heading\"><span class=\"ez-toc-section\" id=\"Depanten_Cena\"><\/span>Depanten \u00e1r<span class=\"ez-toc-section-end\"><\/span><\/h2>\n\n\n\n<div class=\"wp-block-media-text alignwide is-stacked-on-mobile\" style=\"grid-template-columns:15% auto\"><figure class=\"wp-block-media-text__media\"><a href=\"https:\/\/honorata-skarbek.com\/hu\/dep\/\" target=\"_blank\" rel=\"noopener\"><img decoding=\"async\" width=\"308\" height=\"614\" src=\"https:\/\/honorata-skarbek.com\/wp-content\/uploads\/2022\/04\/depanten.png\" alt=\"depantenium \u00e1r\" class=\"wp-image-1876 size-full\" title=\"\" srcset=\"https:\/\/honorata-skarbek.com\/wp-content\/uploads\/2022\/04\/depanten.png 308w, https:\/\/honorata-skarbek.com\/wp-content\/uploads\/2022\/04\/depanten-150x300.png 150w, https:\/\/honorata-skarbek.com\/wp-content\/uploads\/2022\/04\/depanten-6x12.png 6w\" sizes=\"(max-width: 308px) 100vw, 308px\" \/><\/a><\/figure><div class=\"wp-block-media-text__content\">\n<p><strong>Mennyibe ker\u00fcl a depanten g\u00e9l? Az \u00e1r a gy\u00e1rt\u00f3 \u00e1ltal szervezett aktu\u00e1lis akci\u00f3kt\u00f3l f\u00fcgg, ez\u00e9rt a k\u00f6zvetlen weboldalukra hivatkozom.<\/strong><\/p>\n\n\n\n<p><strong>A gy\u00e1rt\u00f3 weboldal\u00e1n tal\u00e1lhat\u00f3 egy \u0171rlap, amelyben megadhatja nev\u00e9t \u00e9s telefonos el\u00e9rhet\u0151s\u00e9g\u00e9t. A megrendel\u00e9s lead\u00e1s\u00e1nak tov\u00e1bbi szakasza telefonon, egy tan\u00e1csad\u00f3val folytatott besz\u00e9lget\u00e9s sor\u00e1n t\u00f6rt\u00e9nik. Amint az \u00fcgyf\u00e9l meger\u0151s\u00edti, hogy meg akarja v\u00e1s\u00e1rolni a g\u00e9lt, a megrendel\u00e9s a megval\u00f3s\u00edt\u00e1si f\u00e1zisba l\u00e9p.<\/strong><\/p>\n<\/div><\/div>\n\n\n\n<div class=\"wp-block-buttons is-horizontal is-content-justification-center is-layout-flex wp-container-core-buttons-is-layout-499968f5 wp-block-buttons-is-layout-flex\">\n<div class=\"wp-block-button has-custom-width wp-block-button__width-75\"><a class=\"wp-block-button__link has-luminous-vivid-orange-background-color has-text-color has-background wp-element-button\" href=\"https:\/\/honorata-skarbek.com\/hu\/dep\/\" style=\"border-radius:50px;color:#fffffa\" target=\"_blank\" rel=\"noreferrer noopener\">Rendelje meg most<\/a><\/div>\n<\/div>","protected":false},"excerpt":{"rendered":"<p>Az \u00edz\u00fcleti f\u00e1jdalom minden \u00e9letkorban el\u0151fordul. A Depanten g\u00e9l abban k\u00fcl\u00f6nb\u00f6zik m\u00e1s gy\u00f3gym\u00f3dokt\u00f3l, hogy nem csak a f\u00e1jdalom elfed\u00e9s\u00e9re szolg\u00e1l. A gy\u00e1rt\u00f3 azzal \u00e9rvel, hogy m\u00f3dszere hozz\u00e1j\u00e1rul a beteg \u00edz\u00fcletek helyre\u00e1ll\u00edt\u00e1s\u00e1hoz, \u00edgy t\u00f6bb\u00e9 nem lesz sz\u00fcks\u00e9g f\u00e1jdalomcsillap\u00edt\u00f3kra. Hogyan m\u0171k\u00f6dik ez a kezel\u00e9s, \u00e9s val\u00f3ban tart\u00f3s javul\u00e1st hozhat-e? www.Depanten.com \u00c1r ... <a title=\"Depanten - V\u00e9lem\u00e9nyek - \u00c1r - \u00d6sszetev\u0151k - F\u00f3rum - Hol lehet megv\u00e1s\u00e1rolni - Gy\u00e1rt\u00f3 - Gy\u00f3gyszert\u00e1r\" class=\"read-more\" href=\"https:\/\/honorata-skarbek.com\/hu\/depanten-3\/\" aria-label=\"Tov\u00e1bb Depanten - V\u00e9lem\u00e9nyek - \u00c1r - \u00d6sszetev\u0151k - F\u00f3rum - Hol lehet megv\u00e1s\u00e1rolni - Gy\u00e1rt\u00f3 - Gy\u00f3gyszert\u00e1r\">Olvass tov\u00e1bb<\/a><\/p>","protected":false},"author":1,"featured_media":1876,"comment_status":"open","ping_status":"open","sticky":false,"template":"","format":"standard","meta":{"footnotes":""},"categories":[21],"tags":[300,303,302,301],"class_list":["post-333","post","type-post","status-publish","format-standard","has-post-thumbnail","hentry","category-zdrowie","tag-depanten","tag-depanten-cena","tag-depanten-opinie","tag-depanten-zel"],"_links":{"self":[{"href":"https:\/\/honorata-skarbek.com\/hu\/wp-json\/wp\/v2\/posts\/333","targetHints":{"allow":["GET"]}}],"collection":[{"href":"https:\/\/honorata-skarbek.com\/hu\/wp-json\/wp\/v2\/posts"}],"about":[{"href":"https:\/\/honorata-skarbek.com\/hu\/wp-json\/wp\/v2\/types\/post"}],"author":[{"embeddable":true,"href":"https:\/\/honorata-skarbek.com\/hu\/wp-json\/wp\/v2\/users\/1"}],"replies":[{"embeddable":true,"href":"https:\/\/honorata-skarbek.com\/hu\/wp-json\/wp\/v2\/comments?post=333"}],"version-history":[{"count":0,"href":"https:\/\/honorata-skarbek.com\/hu\/wp-json\/wp\/v2\/posts\/333\/revisions"}],"wp:featuredmedia":[{"embeddable":true,"href":"https:\/\/honorata-skarbek.com\/hu\/wp-json\/wp\/v2\/media\/1876"}],"wp:attachment":[{"href":"https:\/\/honorata-skarbek.com\/hu\/wp-json\/wp\/v2\/media?parent=333"}],"wp:term":[{"taxonomy":"category","embeddable":true,"href":"https:\/\/honorata-skarbek.com\/hu\/wp-json\/wp\/v2\/categories?post=333"},{"taxonomy":"post_tag","embeddable":true,"href":"https:\/\/honorata-skarbek.com\/hu\/wp-json\/wp\/v2\/tags?post=333"}],"curies":[{"name":"wp","href":"https:\/\/api.w.org\/{rel}","templated":true}]}}