{"id":4514,"date":"2023-02-25T10:16:47","date_gmt":"2023-02-25T10:16:47","guid":{"rendered":"https:\/\/honorata-skarbek.com\/?p=4514"},"modified":"2023-07-10T16:45:22","modified_gmt":"2023-07-10T16:45:22","slug":"promicil","status":"publish","type":"post","link":"https:\/\/honorata-skarbek.com\/hu\/promicil\/","title":{"rendered":"Promicil v\u00e9lem\u00e9nyek - \u00c1r, \u00f6sszet\u00e9tel, hol lehet megv\u00e1s\u00e1rolni, mennyibe ker\u00fcl, hat\u00e1sok, hat\u00e1sok, hat\u00e1sok"},"content":{"rendered":"<div id=\"ez-toc-container\" class=\"ez-toc-v2_0_82_2 counter-hierarchy ez-toc-counter ez-toc-light-blue ez-toc-container-direction\">\n<p class=\"ez-toc-title\" style=\"cursor:inherit\">Tartalomjegyz\u00e9k<\/p>\n<label for=\"ez-toc-cssicon-toggle-item-69f1fb583effc\" class=\"ez-toc-cssicon-toggle-label\"><span class=\"\"><span class=\"eztoc-hide\" style=\"display:none;\">Toggle<\/span><span class=\"ez-toc-icon-toggle-span\"><svg style=\"fill: #999;color:#999\" xmlns=\"http:\/\/www.w3.org\/2000\/svg\" class=\"list-377408\" width=\"20px\" height=\"20px\" viewbox=\"0 0 24 24\" fill=\"none\"><path d=\"M6 6H4v2h2V6zm14 0H8v2h12V6zM4 11h2v2H4v-2zm16 0H8v2h12v-2zM4 16h2v2H4v-2zm16 0H8v2h12v-2z\" fill=\"currentColor\"><\/path><\/svg><svg style=\"fill: #999;color:#999\" class=\"arrow-unsorted-368013\" xmlns=\"http:\/\/www.w3.org\/2000\/svg\" width=\"10px\" height=\"10px\" viewbox=\"0 0 24 24\" version=\"1.2\" baseprofile=\"tiny\"><path d=\"M18.2 9.3l-6.2-6.3-6.2 6.3c-.2.2-.3.4-.3.7s.1.5.3.7c.2.2.4.3.7.3h11c.3 0 .5-.1.7-.3.2-.2.3-.5.3-.7s-.1-.5-.3-.7zM5.8 14.7l6.2 6.3 6.2-6.3c.2-.2.3-.5.3-.7s-.1-.5-.3-.7c-.2-.2-.4-.3-.7-.3h-11c-.3 0-.5.1-.7.3-.2.2-.3.5-.3.7s.1.5.3.7z\"\/><\/svg><\/span><\/span><\/label><input type=\"checkbox\"  id=\"ez-toc-cssicon-toggle-item-69f1fb583effc\" checked aria-label=\"Toggle\" \/><nav><ul class='ez-toc-list ez-toc-list-level-1' ><li class='ez-toc-page-1 ez-toc-heading-level-2'><a class=\"ez-toc-link ez-toc-heading-1\" href=\"https:\/\/honorata-skarbek.com\/hu\/promicil\/#Co_to_jest_Promocil\" >Milyen t\u00edpus\u00fa gy\u00f3gyszer a Promocil?<\/a><\/li><li class='ez-toc-page-1 ez-toc-heading-level-2'><a class=\"ez-toc-link ez-toc-heading-2\" href=\"https:\/\/honorata-skarbek.com\/hu\/promicil\/#Promicil_Opinie\" >Promicil v\u00e9lem\u00e9nyek<\/a><\/li><li class='ez-toc-page-1 ez-toc-heading-level-2'><a class=\"ez-toc-link ez-toc-heading-3\" href=\"https:\/\/honorata-skarbek.com\/hu\/promicil\/#Dla_kogo_jest_Promicil\" >Kinek aj\u00e1nlott a Promicil?<\/a><\/li><li class='ez-toc-page-1 ez-toc-heading-level-2'><a class=\"ez-toc-link ez-toc-heading-4\" href=\"https:\/\/honorata-skarbek.com\/hu\/promicil\/#Objawy_typowe_dla_grzybicy_stop_to\" >A tinea pedisre jellemz\u0151 t\u00fcnetek a k\u00f6vetkez\u0151k:<\/a><\/li><li class='ez-toc-page-1 ez-toc-heading-level-2'><a class=\"ez-toc-link ez-toc-heading-5\" href=\"https:\/\/honorata-skarbek.com\/hu\/promicil\/#Dlaczego_warto_stosowac_krem_Promicil\" >Mi\u00e9rt haszn\u00e1lja a Promicil kr\u00e9met?<\/a><\/li><li class='ez-toc-page-1 ez-toc-heading-level-2'><a class=\"ez-toc-link ez-toc-heading-6\" href=\"https:\/\/honorata-skarbek.com\/hu\/promicil\/#Kiedy_zaczac_stosowanie_kremu_Promicil\" >Mikor kezdje el haszn\u00e1lni a Promicil kr\u00e9met?<\/a><\/li><li class='ez-toc-page-1 ez-toc-heading-level-2'><a class=\"ez-toc-link ez-toc-heading-7\" href=\"https:\/\/honorata-skarbek.com\/hu\/promicil\/#Jakie_efekty_daje_krem_Promicil\" >Milyen hat\u00e1ssal van a Promicil kr\u00e9mre?<\/a><\/li><li class='ez-toc-page-1 ez-toc-heading-level-2'><a class=\"ez-toc-link ez-toc-heading-8\" href=\"https:\/\/honorata-skarbek.com\/hu\/promicil\/#Jak_dziala_Promicil\" >Hogyan fejti ki hat\u00e1s\u00e1t a Promicil?<\/a><\/li><li class='ez-toc-page-1 ez-toc-heading-level-2'><a class=\"ez-toc-link ez-toc-heading-9\" href=\"https:\/\/honorata-skarbek.com\/hu\/promicil\/#Jakie_sa_skladniki_kremu_Promicil\" >Milyen \u00f6sszetev\u0151kb\u0151l \u00e1ll a Promicil kr\u00e9m?<\/a><\/li><li class='ez-toc-page-1 ez-toc-heading-level-2'><a class=\"ez-toc-link ez-toc-heading-10\" href=\"https:\/\/honorata-skarbek.com\/hu\/promicil\/#Czy_Promicil_to_skuteczny_preparat_na_grzybice\" >A Promicil hat\u00e9kony kezel\u00e9s a gy\u0171r\u0171sf\u00e9reg ellen?<\/a><\/li><li class='ez-toc-page-1 ez-toc-heading-level-2'><a class=\"ez-toc-link ez-toc-heading-11\" href=\"https:\/\/honorata-skarbek.com\/hu\/promicil\/#Jak_stosowac_krem_Promicil\" >Hogyan kell haszn\u00e1lni a Promicil kr\u00e9met?<\/a><\/li><li class='ez-toc-page-1 ez-toc-heading-level-2'><a class=\"ez-toc-link ez-toc-heading-12\" href=\"https:\/\/honorata-skarbek.com\/hu\/promicil\/#Czy_sa_przeciwwskazania_do_stosowania_kremu_Promicil\" >Vannak-e ellenjavallatai a Promicil kr\u00e9m alkalmaz\u00e1s\u00e1nak?<\/a><\/li><li class='ez-toc-page-1 ez-toc-heading-level-2'><a class=\"ez-toc-link ez-toc-heading-13\" href=\"https:\/\/honorata-skarbek.com\/hu\/promicil\/#Promicil_Cena\" >Promicil \u00e1r<\/a><\/li><li class='ez-toc-page-1 ez-toc-heading-level-2'><a class=\"ez-toc-link ez-toc-heading-14\" href=\"https:\/\/honorata-skarbek.com\/hu\/promicil\/#Pytania_i_odpowiedzi\" >K\u00e9rd\u00e9sek \u00e9s v\u00e1laszok<\/a><ul class='ez-toc-list-level-3' ><li class='ez-toc-heading-level-3'><a class=\"ez-toc-link ez-toc-heading-15\" href=\"https:\/\/honorata-skarbek.com\/hu\/promicil\/#Do_czego_sluzy_Promicil\" >Milyen betegs\u00e9gek eset\u00e9n alkalmazhat\u00f3 a Promicil?<\/a><\/li><li class='ez-toc-page-1 ez-toc-heading-level-3'><a class=\"ez-toc-link ez-toc-heading-16\" href=\"https:\/\/honorata-skarbek.com\/hu\/promicil\/#Czy_kazdy_moze_stosowac_Promicil\" >Haszn\u00e1lhatja valaki a Promicilt?<\/a><\/li><li class='ez-toc-page-1 ez-toc-heading-level-3'><a class=\"ez-toc-link ez-toc-heading-17\" href=\"https:\/\/honorata-skarbek.com\/hu\/promicil\/#Czy_Promicil_powoduje_skutki_uboczne\" >A Promicil okoz mell\u00e9khat\u00e1sokat?<\/a><\/li><li class='ez-toc-page-1 ez-toc-heading-level-3'><a class=\"ez-toc-link ez-toc-heading-18\" href=\"https:\/\/honorata-skarbek.com\/hu\/promicil\/#Czy_Promicil_jest_na_recepte\" >A Promicil v\u00e9nyk\u00f6teles?<\/a><\/li><li class='ez-toc-page-1 ez-toc-heading-level-3'><a class=\"ez-toc-link ez-toc-heading-19\" href=\"https:\/\/honorata-skarbek.com\/hu\/promicil\/#Jak_szybko_Promicil_daje_efekty\" >Milyen gyorsan hoz eredm\u00e9nyt a Promicil?<\/a><\/li><\/ul><\/li><\/ul><\/nav><\/div>\n\n<p><strong>A Promicil a tinea pedis kezel\u00e9s\u00e9re szolg\u00e1l\u00f3 k\u00e9sz\u00edtm\u00e9ny. Egyre n\u00e9pszer\u0171bb\u00e9 v\u00e1lik, \u00e9s egyre t\u00f6bb pozit\u00edv v\u00e9lem\u00e9nyt kap, ami a nagyon hat\u00e9kony m\u0171k\u00f6d\u00e9s\u00e9nek k\u00f6sz\u00f6nhet\u0151, amelyet mind a tanulm\u00e1nyok, mind az el\u00e9gedett felhaszn\u00e1l\u00f3k sz\u00e1mos megjegyz\u00e9se meger\u0151s\u00edt. Term\u00e9szetes \u00f6sszet\u00e9tel\u0171, gy\u00f3gy\u00edt\u00f3 \u00e9s regener\u00e1l\u00f3 hat\u00e1s\u00fa kr\u00e9m, \u00edgy a l\u00e1b gyorsan helyre\u00e1ll, \u00e9s tov\u00e1bbi v\u00e9delmet kap a gy\u0171r\u0171sf\u00e9reg ki\u00fajul\u00e1sa ellen. Honnan sz\u00e1rmazik a Promicil hat\u00e9konys\u00e1ga, \u00e9s kinek aj\u00e1nlott a haszn\u00e1lata?<\/strong><\/p>\n\n\n\n<figure class=\"wp-block-table is-style-stripes\"><table class=\"has-background has-fixed-layout\" style=\"background-color:#fdecec\"><tbody><tr><td>Honlap<\/td><td>\u25b6\ufe0f <strong><a href=\"https:\/\/honorata-skarbek.com\/hu\/prom\/\" target=\"_blank\" data-type=\"URL\" data-id=\"https:\/\/pl2.promiv.com\/?c=pl\" rel=\"noreferrer noopener nofollow\">www.Promicil.com<\/a><\/strong><\/td><\/tr><tr><td>V\u00e9lem\u00e9nyek<\/td><td>5\/5 \u2b50\u2b50\u2b50\u2b50\u2b50<\/td><\/tr><tr><td>Szak\u00e9rt\u0151k \u00e1ltali \u00e9rt\u00e9kel\u00e9s<\/td><td>\ud83d\udc4d Aj\u00e1nlott term\u00e9k<\/td><\/tr><tr><td>\u00c1r<\/td><td>\ud83d\udd25 <a href=\"https:\/\/honorata-skarbek.com\/hu\/prom\/\" target=\"_blank\" data-type=\"URL\" data-id=\"https:\/\/pl2.promiv.com\/?c=pl\" rel=\"noreferrer noopener nofollow\">Prom\u00f3ci\u00f3 -50%<\/a><\/td><\/tr><tr><td>A term\u00e9k t\u00edpusa<\/td><td>L\u00e1bgomba kr\u00e9m<\/td><\/tr><tr><td>K\u00fclf\u00f6ldi sz\u00e1ll\u00edt\u00e1s lehet\u0151s\u00e9ge<\/td><td>\u2705 Igen<\/td><\/tr><tr><td>Lehet gy\u00f3gyszert\u00e1rban kapni a kr\u00e9met?<\/td><td>\u274c Nem<\/td><\/tr><\/tbody><\/table><\/figure>\n\n\n\n<h2 class=\"wp-block-heading\"><span class=\"ez-toc-section\" id=\"Co_to_jest_Promocil\"><\/span>Milyen t\u00edpus\u00fa gy\u00f3gyszer a Promocil?<span class=\"ez-toc-section-end\"><\/span><\/h2>\n\n\n\n<div class=\"wp-block-media-text alignwide is-stacked-on-mobile\" style=\"grid-template-columns:16% auto\"><figure class=\"wp-block-media-text__media\"><a href=\"https:\/\/honorata-skarbek.com\/hu\/prom\/\" target=\"_blank\" rel=\"noreferrer noopener\"><img decoding=\"async\" width=\"310\" height=\"603\" src=\"https:\/\/honorata-skarbek.com\/wp-content\/uploads\/2022\/11\/Promicil-removebg-preview.png\" alt=\"Promicil k\u00fczd a l\u00e1bgomba ellen\" class=\"wp-image-4516 size-full\" title=\"\" srcset=\"https:\/\/honorata-skarbek.com\/wp-content\/uploads\/2022\/11\/Promicil-removebg-preview.png 310w, https:\/\/honorata-skarbek.com\/wp-content\/uploads\/2022\/11\/Promicil-removebg-preview-154x300.png 154w, https:\/\/honorata-skarbek.com\/wp-content\/uploads\/2022\/11\/Promicil-removebg-preview-6x12.png 6w\" sizes=\"(max-width: 310px) 100vw, 310px\" \/><\/a><\/figure><div class=\"wp-block-media-text__content\">\n<p>A Tinea pedis egy s\u00falyos \u00e1llapot, amely nagyon zavar\u00f3 \u00e9s k\u00ednos. Kezel\u00e9se gyakran probl\u00e9m\u00e1s \u00e9s h\u00f3napokig elh\u00faz\u00f3dik, ez\u00e9rt hozt\u00e1k l\u00e9tre a Promicilt, egy modern kr\u00e9mk\u00e9sz\u00edtm\u00e9nyt, amely t\u00f6bb mint 350 k\u00fcl\u00f6nb\u00f6z\u0151, a l\u00e1b b\u0151r\u00e9t megt\u00e1mad\u00f3 gombafajta elt\u00e1vol\u00edt\u00e1s\u00e1ra k\u00e9pes. A kr\u00e9mnek \u00e1tfog\u00f3 hat\u00e1sa van, \u00e9s a legfontosabb, hogy nem csak a gy\u0171r\u0171sf\u00e9rgess\u00e9g t\u00fcneteire koncentr\u00e1l.<\/p>\n<\/div><\/div>\n\n\n\n<div class=\"wp-block-buttons is-content-justification-center is-layout-flex wp-container-core-buttons-is-layout-16018d1d wp-block-buttons-is-layout-flex\">\n<div class=\"wp-block-button has-custom-width wp-block-button__width-75 has-custom-font-size has-medium-font-size\"><a class=\"wp-block-button__link has-blush-bordeaux-gradient-background has-background wp-element-button\" href=\"https:\/\/honorata-skarbek.com\/hu\/prom\/\" target=\"_blank\" rel=\"noreferrer noopener\">V\u00c1S\u00c1RL\u00c1S<\/a><\/div>\n<\/div>\n\n\n\n<p>A Promicil haszn\u00e1lata seg\u00edt cs\u00f6kkenteni a l\u00e1bak b\u0151r\u00e9nek viszket\u00e9s\u00e9t \u00e9s h\u00e1ml\u00e1s\u00e1t, ami ennek az \u00e1llapotnak egy nagyon tipikus t\u00fcnete. A kr\u00e9m a k\u00f6rm\u00f6kre is vigy\u00e1z, amelyeket szint\u00e9n \u00e9rint a gy\u0171r\u0171sf\u00e9reg. Seg\u00edt megszabadulni a l\u00e1bizzad\u00e1st\u00f3l \u00e9s a kellemetlen szagokt\u00f3l, a b\u0151r\u00f6n l\u00e9v\u0151 irrit\u00e1ci\u00f3k \u00e9s sebek pedig nagyon gyorsan \u00e9s j\u00f3l gy\u00f3gyulnak.<\/p>\n\n\n\n<h2 class=\"wp-block-heading\"><span class=\"ez-toc-section\" id=\"Promicil_Opinie\"><\/span>Promicil v\u00e9lem\u00e9nyek<span class=\"ez-toc-section-end\"><\/span><\/h2>\n\n\n\n<blockquote class=\"wp-block-quote is-layout-flow wp-block-quote-is-layout-flow\">\n<p>\"Borzaszt\u00f3an sok\u00e1ig k\u00fczd\u00f6ttem a l\u00e1bgomb\u00e1val. Amit a b\u0151r valahogy siker\u00fclt meggy\u00f3gy\u00edtani, a fert\u0151z\u00e9s visszat\u00e9rt. A cs\u00fanya b\u0151rt el tudtam rejteni a cip\u0151mben, de sajnos a szag tov\u00e1bbra is megmaradt. Folyamatosan haszn\u00e1ltam dezodorokat, hogy elfedjem a szagot, de sajnos a hat\u00e1s csak f\u00e9lig-meddig volt hat\u00e1sos. Hallottam a gy\u0171r\u0171sf\u00e9reg elleni ken\u0151cs\u00f6kr\u0151l, de fogalmam sem volt, melyik lenne a legjobb. B\u00edztam m\u00e1sok v\u00e9lem\u00e9ny\u00e9ben, \u00e9s a Promicilt v\u00e1lasztottam. Nagyszer\u0171en bev\u00e1lt, m\u00e1r nyoma sincs a gy\u0171r\u0171sf\u00e9rgess\u00e9gnek.\"<\/p>\n<\/blockquote>\n\n\n\n<blockquote class=\"wp-block-quote is-layout-flow wp-block-quote-is-layout-flow\">\n<p>\"Nem tudom, hol kaptam el a gy\u0171r\u0171sf\u00e9reget, de gyorsan \u00e9reztem, hogy valami nincs rendben. A l\u00e1bam hirtelen nagyon viszketni kezdett, a b\u0151r\u00f6m gyakran irrit\u00e1lt \u00e9s piros volt. Ami a legjobban megr\u00e9m\u00edtett, az a szag volt, mert hi\u00e1ba \u00fcgyeltem a higi\u00e9ni\u00e1ra, a l\u00e1bamnak borzaszt\u00f3an b\u00fcd\u00f6s volt. Gyorsan megrendeltem a Promicilt. N\u00e9h\u00e1ny h\u00e9t m\u00falva a b\u0151r visszanyerte term\u00e9szetes megjelen\u00e9s\u00e9t \u00e9s kellemes illat\u00e1t. T\u00e9nyleg nagyon hat\u00e9kony term\u00e9k a gy\u0171r\u0171sf\u00e9rgess\u00e9g elleni k\u00fczdelemben.\"<\/p>\n<\/blockquote>\n\n\n\n<blockquote class=\"wp-block-quote is-layout-flow wp-block-quote-is-layout-flow\">\n<p>\"A gy\u0171r\u0171sf\u00e9reg teljesen \u00e1rtatlanul kezd\u0151d\u00f6tt n\u00e1lam, \u00e9s el\u0151sz\u00f6r azt hittem, hogy tal\u00e1n valamilyen sz\u00f6vetallergia, vagy csak rossz b\u0151r\u00e1pol\u00e1si term\u00e9keket haszn\u00e1lok. De egyre rosszabb lett. A l\u00e1bam kellemetlen\u00fcl \u00e9gett, \u00e9s a l\u00e1bujjaim k\u00f6z\u00f6tt feh\u00e9r maradv\u00e1ny jelent meg. M\u00e1r nem volt k\u00e9ts\u00e9gem afel\u0151l, hogy fert\u0151z\u00e9sr\u0151l van sz\u00f3. Vettem Promicilt, \u00e9s n\u00e9h\u00e1ny nap ut\u00e1n javulni kezdett a helyzet. A biztons\u00e1g kedv\u00e9\u00e9rt rendeltem m\u00e9g egy csomagot, \u00e9s a gy\u0171r\u0171sf\u00e9reg teljesen meggy\u00f3gyult.\"<\/p>\n<\/blockquote>\n\n\n\n<h2 class=\"wp-block-heading\"><span class=\"ez-toc-section\" id=\"Dla_kogo_jest_Promicil\"><\/span>Kinek aj\u00e1nlott a Promicil?<span class=\"ez-toc-section-end\"><\/span><\/h2>\n\n\n<div class=\"wp-block-image\">\n<figure class=\"aligncenter size-large is-resized\"><img decoding=\"async\" src=\"https:\/\/honorata-skarbek.com\/wp-content\/uploads\/2022\/11\/Promicil-HS-1024x683.jpg\" alt=\"A Promicil hat\u00e1sos az \u00e9g\u0151 \u00e9s viszket\u0151 l\u00e1bakra\" class=\"wp-image-4519\" width=\"448\" height=\"298\" title=\"\" srcset=\"https:\/\/honorata-skarbek.com\/wp-content\/uploads\/2022\/11\/Promicil-HS-1024x683.jpg 1024w, https:\/\/honorata-skarbek.com\/wp-content\/uploads\/2022\/11\/Promicil-HS-300x200.jpg 300w, https:\/\/honorata-skarbek.com\/wp-content\/uploads\/2022\/11\/Promicil-HS-768x512.jpg 768w, https:\/\/honorata-skarbek.com\/wp-content\/uploads\/2022\/11\/Promicil-HS-18x12.jpg 18w, https:\/\/honorata-skarbek.com\/wp-content\/uploads\/2022\/11\/Promicil-HS.jpg 1200w\" sizes=\"(max-width: 448px) 100vw, 448px\" \/><\/figure>\n<\/div>\n\n\n<p>A l\u00e1bgomb\u00e1t egyre gyakrabban nevezik a civiliz\u00e1ci\u00f3 betegs\u00e9g\u00e9nek. A fejlett orsz\u00e1gokban k\u00fcl\u00f6n\u00f6sen elterjedt, \u00e9s \u00e1ltal\u00e1ban azzal hozhat\u00f3 \u00f6sszef\u00fcgg\u00e9sbe, hogy legt\u00f6bbsz\u00f6r teljes l\u00e1bbeliben j\u00e1runk, \u00e9s gyakran tart\u00f3zkodunk nyilv\u00e1nos helyeken, a gy\u0171r\u0171sf\u00e9reg pedig fert\u0151z\u0151 betegs\u00e9g, amely nemcsak emberr\u0151l emberre, hanem egyszer\u0171en a k\u00f6rnyezetb\u0151l is terjed. Lehets\u00e9ges, hogy \u00e9rint\u00e9s \u00fatj\u00e1n fert\u0151z\u0151dik, de sokkal gyakrabban k\u00f6zvetett m\u00f3don terjed a gy\u0171r\u0171sf\u00e9reg, p\u00e9ld\u00e1ul ha ugyanazokat a t\u00e1rgyakat haszn\u00e1ljuk, mint egy fert\u0151z\u00f6tt szem\u00e9ly, vagy ha egy\u00fctt vagyunk a fert\u0151z\u00f6ttekkel egy uszod\u00e1ban, szaun\u00e1ban, sz\u00e9ps\u00e9gszalonban, fitneszklubban. M\u00e9g a f\u0171ben vagy a tengerparton val\u00f3 mez\u00edtl\u00e1bas s\u00e9ta is fert\u0151z\u00e9ssel v\u00e9gz\u0151dhet, ha az ilyen talajon gombasp\u00f3r\u00e1k vannak jelen.<\/p>\n\n\n\n<p>A gomb\u00e1k meleg \u00e9s p\u00e1r\u00e1s k\u00f6rnyezetben fejl\u0151dnek a legjobban, \u00edgy a teli, szell\u0151zetlen l\u00e1bbelik \u00e9s a m\u0171sz\u00e1las zoknik is hozz\u00e1j\u00e1rulhatnak a betegs\u00e9g kialakul\u00e1s\u00e1hoz. Term\u00e9szetesen nem minden, a gomba sp\u00f3r\u00e1ival val\u00f3 \u00e9rintkez\u00e9s automatikusan betegs\u00e9ggel v\u00e9gz\u0151dik, mivel a szervezet\u00fcnk tudja, hogyan v\u00e9dekezzen ellen\u00fck, de a szezon\u00e1lis gyenges\u00e9g vagy a s\u00e9r\u00fclt b\u0151r a l\u00e1bon el\u00e9g ahhoz, hogy a mikroorganizmusok bejussanak \u00e9s fert\u0151z\u00e9st okozzanak. F\u00fcggetlen\u00fcl att\u00f3l, hogy hol \u00e9s hogyan kaptuk el a gy\u0171r\u0171sf\u00e9rget, a Promicil kr\u00e9m lesz a megfelel\u0151 orvoss\u00e1g a lek\u00fczd\u00e9s\u00e9re.<\/p>\n\n\n\n<p>Olvassa el m\u00e9g: \u00e1pol\u00e1s <strong><a href=\"https:\/\/honorata-skarbek.com\/hu\/fixheel\/\" target=\"_blank\" data-type=\"post\" data-id=\"4303\" rel=\"noreferrer noopener\">FixHeel l\u00e1bkr\u00e9m<\/a><\/strong><\/p>\n\n\n\n<h2 class=\"wp-block-heading\"><span class=\"ez-toc-section\" id=\"Objawy_typowe_dla_grzybicy_stop_to\"><\/span>A tinea pedisre jellemz\u0151 t\u00fcnetek a k\u00f6vetkez\u0151k:<span class=\"ez-toc-section-end\"><\/span><\/h2>\n\n\n\n<ul class=\"wp-block-list\">\n<li>a l\u00e1bfej b\u0151r\u00e9nek tart\u00f3s viszket\u00e9se \u00e9s \u00e9g\u00e9se<\/li>\n\n\n\n<li>nedves, feh\u00e9r b\u0151rfoltok a l\u00e1bujjak k\u00f6z\u00f6tt<\/li>\n\n\n\n<li>ki\u00fct\u00e9sek, h\u00f3lyagok, b\u0151rfek\u00e9lyek<\/li>\n\n\n\n<li>durva, er\u0151sen repedezett \u00e9s megvastagodott b\u0151r<\/li>\n\n\n\n<li>a b\u0151r intenz\u00edv h\u00e1ml\u00e1sa a l\u00e1bon<\/li>\n\n\n\n<li>megvastagodott \u00e9s megs\u00e1rgult k\u00f6r\u00f6mlemez<\/li>\n\n\n\n<li>fokozott izzad\u00e1s \u00e9s l\u00e1bszag<\/li>\n<\/ul>\n\n\n\n<h2 class=\"wp-block-heading\"><span class=\"ez-toc-section\" id=\"Dlaczego_warto_stosowac_krem_Promicil\"><\/span>Mi\u00e9rt haszn\u00e1lja a Promicil kr\u00e9met?<span class=\"ez-toc-section-end\"><\/span><\/h2>\n\n\n\n<p>A gy\u0171r\u0171sf\u00e9reg soha nem csak eszt\u00e9tikai probl\u00e9ma. Ez egy vesz\u00e9lyes betegs\u00e9g, de sajnos sokan al\u00e1becs\u00fclik, vagy h\u00e1zi gy\u00f3gym\u00f3dokkal pr\u00f3b\u00e1lj\u00e1k gy\u00f3gy\u00edtani. Az ilyen m\u00f3dszerek gyakran hat\u00e1stalanok, mert p\u00e9ld\u00e1ul a l\u00e1b k\u00fcl\u00f6nb\u00f6z\u0151 oldatokban val\u00f3 \u00e1ztat\u00e1sa felgyors\u00edtja a bakt\u00e9riumok terjed\u00e9s\u00e9t, a b\u0151rkem\u00e9nyed\u00e9sek lehorzsol\u00e1sa tov\u00e1bb n\u00f6veli a tov\u00e1bbi h\u00e1mr\u00e9tegek termel\u0151d\u00e9s\u00e9t, a sebek vagy h\u00f3lyagok er\u0151s alkoholos k\u00e9sz\u00edtm\u00e9nyekkel val\u00f3 kezel\u00e9se pedig nem fert\u0151tlen\u00edt semmit \u00e9s nem puszt\u00edtja el a k\u00f3rokoz\u00f3kat, hanem irrit\u00e1lja a b\u0151rt \u00e9s akad\u00e1lyozza a regener\u00e1ci\u00f3t.<\/p>\n\n\n\n<p>A k\u00f6z\u00f6ns\u00e9ges ken\u0151cs\u00f6k nem seg\u00edtenek a gy\u0171r\u0171sf\u00e9reg eset\u00e9n, de a Promicilben t\u00f6bb hat\u00e9kony, bizony\u00edtottan hat\u00e1sos hat\u00f3anyag tal\u00e1lhat\u00f3. Ken\u0151cs <strong><a href=\"https:\/\/honorata-skarbek.com\/hu\/exofeet-oil\/\" data-type=\"post\" data-id=\"600\" target=\"_blank\" rel=\"noreferrer noopener\">meg\u00e1ll\u00edtja a l\u00e1bbetegs\u00e9g progresszi\u00f3j\u00e1t<\/a><\/strong> \u00e9s gy\u00f3gy\u00edt\u00f3 hat\u00e1s\u00fa. A b\u0151r annyira meger\u0151s\u00f6dik, hogy a t\u00fcnetek nem jelentkeznek \u00fajra. A kr\u00e9m k\u00e9pes elt\u00e1vol\u00edtani a fert\u0151z\u00e9st okoz\u00f3 gomba \u00f6sszes sp\u00f3r\u00e1j\u00e1t.<\/p>\n\n\n\n<h2 class=\"wp-block-heading\"><span class=\"ez-toc-section\" id=\"Kiedy_zaczac_stosowanie_kremu_Promicil\"><\/span>Mikor kezdje el haszn\u00e1lni a Promicil kr\u00e9met?<span class=\"ez-toc-section-end\"><\/span><\/h2>\n\n\n\n<p>Lehet\u0151leg a lehet\u0151 leghamarabb, a gy\u0171r\u0171sf\u00e9reg kialakul\u00e1s\u00e1nak els\u0151 jelein\u00e9l. Ezt \u00e1ltal\u00e1ban a b\u0151r er\u0151s, \u00e1lland\u00f3an visszat\u00e9r\u0151 viszket\u00e9se jelzi, k\u00fcl\u00f6n\u00f6sen a l\u00e1bujjak k\u00f6z\u00f6tt, ahol \u00e1ltal\u00e1ban a l\u00e1b b\u0151r\u00e9nek nedvess\u00e9ge a legnagyobb \u00e9s a legkev\u00e9sb\u00e9 szell\u0151zik. A gy\u0171r\u0171sf\u00e9reg k\u00f6vetkez\u0151 st\u00e1dium\u00e1ban a l\u00e1bak egyre er\u0151sebben izzadnak \u00e9s nagyon b\u00fcd\u00f6sek, a b\u0151r pedig hajlamos h\u00e1mlani \u00e9s gyakran v\u00f6r\u00f6s. El\u0151rehaladott st\u00e1diumban f\u00e1jdalmas sebek \u00e9s reped\u00e9sek jelennek meg a b\u0151r\u00f6n, h\u00f3lyagok \u00e9s gennyes v\u00e1lad\u00e9koz\u00e1s a l\u00e1bakon, ami a mik\u00f3zishoz bakteri\u00e1lis fert\u0151z\u00e9st ad. Az utols\u00f3 szakaszban a mycosis a k\u00f6rm\u00f6ket t\u00e1madja meg, amelynek kezel\u00e9se m\u00e9g bonyolultabb \u00e9s id\u0151ig\u00e9nyesebb. Ha azonban nem t\u00f6rt\u00e9nik kezel\u00e9s, a gomb\u00e1sod\u00e1s \u00e1tterjed a test m\u00e1s r\u00e9szeire, \u00e9s a teljes fert\u0151z\u00f6tt k\u00f6r\u00f6mlemez elveszhet.<\/p>\n\n\n\n<p class=\"has-text-align-center has-large-font-size\"><strong><a href=\"https:\/\/honorata-skarbek.com\/hu\/prom\/\" target=\"_blank\" rel=\"noreferrer noopener nofollow\">www.Promicil.com<\/a><\/strong><\/p>\n\n\n\n<h2 class=\"wp-block-heading\"><span class=\"ez-toc-section\" id=\"Jakie_efekty_daje_krem_Promicil\"><\/span>Milyen hat\u00e1ssal van a Promicil kr\u00e9mre?<span class=\"ez-toc-section-end\"><\/span><\/h2>\n\n\n\n<p>A Promicil azt \u00edg\u00e9ri, hogy minden st\u00e1diumban felveszi a harcot a gy\u0171r\u0171sf\u00e9rgess\u00e9g ellen. Gazdag \u00f6sszet\u00e9tel\u0171 kr\u00e9m, amely azonnal behatol a b\u0151rbe, \u00e9s minden r\u00e9teg\u00e9ben elind\u00edtja a gy\u00f3gyul\u00e1si folyamatot. M\u00e1r az els\u0151 haszn\u00e1lat ut\u00e1n enyh\u00fclnek a t\u00fcnetek egy r\u00e9sze, \u00e9s min\u00e9l tov\u00e1bb tart a kezel\u00e9s, ann\u00e1l jobbak az eredm\u00e9nyek.<\/p>\n\n\n<div class=\"wp-block-image\">\n<figure class=\"aligncenter size-large is-resized\"><img decoding=\"async\" src=\"https:\/\/honorata-skarbek.com\/wp-content\/uploads\/2022\/11\/Promicil-HS-1-1024x683.jpg\" alt=\"A Promicil term\u00e9szetes \u00f6sszet\u00e9tel\u0171\" class=\"wp-image-4522\" width=\"406\" height=\"270\" title=\"\" srcset=\"https:\/\/honorata-skarbek.com\/wp-content\/uploads\/2022\/11\/Promicil-HS-1-1024x683.jpg 1024w, https:\/\/honorata-skarbek.com\/wp-content\/uploads\/2022\/11\/Promicil-HS-1-300x200.jpg 300w, https:\/\/honorata-skarbek.com\/wp-content\/uploads\/2022\/11\/Promicil-HS-1-768x512.jpg 768w, https:\/\/honorata-skarbek.com\/wp-content\/uploads\/2022\/11\/Promicil-HS-1-18x12.jpg 18w, https:\/\/honorata-skarbek.com\/wp-content\/uploads\/2022\/11\/Promicil-HS-1.jpg 1200w\" sizes=\"(max-width: 406px) 100vw, 406px\" \/><\/figure>\n<\/div>\n\n\n<p>A kr\u00e9m azonban nemcsak a t\u00fcneteket, hanem a f\u00e9reghajt\u00e1s ok\u00e1t, azaz a gombasp\u00f3r\u00e1kat is elt\u00e1vol\u00edtja. Nagyon hat\u00e9konyan elpuszt\u00edtja \u0151ket, \u00e9s <strong><a href=\"https:\/\/honorata-skarbek.com\/hu\/foot-trooper\/\" data-type=\"post\" data-id=\"203\" target=\"_blank\" rel=\"noreferrer noopener\">v\u00e9d\u0151g\u00e1tat k\u00e9pez a b\u0151r\u00f6n<\/a><\/strong>Ez megakad\u00e1lyozza a gomb\u00e1k n\u00f6veked\u00e9s\u00e9t \u00e9s terjed\u00e9s\u00e9t. A Promicil teh\u00e1t egyszerre gy\u00f3gy\u00edt\u00f3 \u00e9s megel\u0151z\u0151 hat\u00e1s\u00fa, \u00edgy hasznos lesz azok sz\u00e1m\u00e1ra, akik k\u00fcl\u00f6n\u00f6sen vesz\u00e9lyeztetettek a betegs\u00e9g kialakul\u00e1s\u00e1ra.<\/p>\n\n\n\n<h2 class=\"wp-block-heading\"><span class=\"ez-toc-section\" id=\"Jak_dziala_Promicil\"><\/span>Hogyan fejti ki hat\u00e1s\u00e1t a Promicil?<span class=\"ez-toc-section-end\"><\/span><\/h2>\n\n\n\n<p>A Promicil sz\u00e1mos rendk\u00edv\u00fcl hat\u00e9kony hat\u00f3anyagot tartalmaz, amelyek a kr\u00e9m felvitele ut\u00e1n azonnal el\u00e9rik a gyullad\u00e1s f\u00f3kusz\u00e1t. Elpuszt\u00edtj\u00e1k a gomba szerkezet\u00e9t \u00e9s g\u00e1tolj\u00e1k tov\u00e1bbi szaporod\u00e1s\u00e1t. Elt\u00e1vol\u00edtj\u00e1k a szervezetb\u0151l a felesleges mikroorganizmusokat, \u00e9s cs\u00f6kkentik a gomb\u00e1s fert\u0151z\u00e9s kellemetlen t\u00fcneteit. A betegs\u00e9gnek nyoma sem marad, de a term\u00e9k hat\u00e1sa ezzel nem \u00e9r v\u00e9get.<\/p>\n\n\n\n<p>A k\u00f6vetkez\u0151 l\u00e9p\u00e9s a l\u00e1bak optim\u00e1lis v\u00e9delme. A kr\u00e9m \u00f6sszetev\u0151i olyan k\u00f6rnyezetet teremtenek, amely nem bar\u00e1ts\u00e1gos a gomb\u00e1k sz\u00e1m\u00e1ra, \u00edgy azok m\u00e1r nem tal\u00e1lnak j\u00f3 felt\u00e9teleket a n\u00f6veked\u00e9s\u00fckh\u00f6z. A Promicil felgyors\u00edtja a sebek \u00e9s reped\u00e9sek gy\u00f3gyul\u00e1s\u00e1t is a l\u00e1b b\u0151r\u00e9n, \u00e9s <strong><a href=\"https:\/\/honorata-skarbek.com\/hu\/keramin-2\/\" data-type=\"post\" data-id=\"1700\" target=\"_blank\" rel=\"noreferrer noopener\">helyre\u00e1ll\u00edtja a s\u00e9r\u00fclt k\u00f6r\u00f6mlemezeket<\/a><\/strong>. A kr\u00e9m profilaxisk\u00e9nt t\u00f6rt\u00e9n\u0151 haszn\u00e1lata meghosszabb\u00edtja ezt a v\u00e9dekez\u00e9si id\u0151szakot \u00e9s megel\u0151zi az \u00fajrafert\u0151z\u00e9st.<\/p>\n\n\n\n<h2 class=\"wp-block-heading\"><span class=\"ez-toc-section\" id=\"Jakie_sa_skladniki_kremu_Promicil\"><\/span>Milyen \u00f6sszetev\u0151kb\u0151l \u00e1ll a Promicil kr\u00e9m?<span class=\"ez-toc-section-end\"><\/span><\/h2>\n\n\n\n<ul class=\"wp-block-list\">\n<li>Glicerin<\/li>\n<\/ul>\n\n\n\n<p>Er\u0151sen hidrat\u00e1l,<strong><a href=\"https:\/\/honorata-skarbek.com\/hu\/eternelle-gold-day\/\" target=\"_blank\" data-type=\"post\" data-id=\"22\" rel=\"noreferrer noopener\"> jav\u00edtja a b\u0151r megjelen\u00e9s\u00e9t<\/a><\/strong>biztos\u00edtja annak megfelel\u0151 regener\u00e1l\u00f3d\u00e1s\u00e1t. Fert\u0151tlen\u00edt\u0151 hat\u00e1s\u00fa, ami felgyors\u00edtja a fert\u0151z\u00e9sek \u00e9s a gombasp\u00f3r\u00e1k elt\u00e1vol\u00edt\u00e1s\u00e1t. Gondoskodik a k\u00f6rm\u00f6k j\u00f3 \u00e1llapot\u00e1r\u00f3l.<\/p>\n\n\n\n<ul class=\"wp-block-list\">\n<li>Karbamid<\/li>\n<\/ul>\n\n\n\n<p>Nagyon j\u00f3l hidrat\u00e1l, ugyanakkor cs\u00f6kkenti a l\u00e1bizzad\u00e1st. Enyh\u00edti az irrit\u00e1ci\u00f3t \u00e9s seg\u00edt elt\u00e1vol\u00edtani a l\u00e1bfert\u0151z\u00e9sek forr\u00e1s\u00e1t. Antibakteri\u00e1lis tulajdons\u00e1gokkal rendelkezik. Puh\u00edtja \u00e9s elt\u00e1vol\u00edtja a b\u0151r kerat\u00f3zis\u00e1t, helyre\u00e1ll\u00edtja a b\u0151r rugalmass\u00e1g\u00e1t \u00e9s sima fel\u00fclet\u00e9t. Helyre\u00e1ll\u00edtja a k\u00f6r\u00f6mlemez k\u00e1rosod\u00e1s\u00e1t.<\/p>\n\n\n\n<ul class=\"wp-block-list\">\n<li>Magn\u00e9zium-szulf\u00e1t<\/li>\n<\/ul>\n\n\n\n<p>Hat\u00e9konyan elt\u00e1vol\u00edtja a gombasp\u00f3r\u00e1kat \u00e9s megakad\u00e1lyozza a fert\u0151z\u00e9s terjed\u00e9s\u00e9t. Enyh\u00edti az irrit\u00e1ci\u00f3kat \u00e9s elt\u00e1vol\u00edtja a b\u0151rp\u00edrt. Megakad\u00e1lyozza a mycosis ki\u00fajul\u00e1s\u00e1t.<\/p>\n\n\n\n<div class=\"wp-block-media-text alignwide has-media-on-the-right is-stacked-on-mobile\" style=\"grid-template-columns:auto 37%\"><div class=\"wp-block-media-text__content\">\n<ul class=\"wp-block-list\">\n<li>K\u00f6r\u00f6mvir\u00e1g vir\u00e1gkivonat<\/li>\n<\/ul>\n\n\n\n<p>Serkenti a b\u0151rsejtek regener\u00e1l\u00f3d\u00e1s\u00e1t, gyors\u00edtja a sebgy\u00f3gyul\u00e1st, toniz\u00e1l\u00f3 \u00e9s nyugtat\u00f3 hat\u00e1s\u00fa. Seg\u00edt helyre\u00e1ll\u00edtani a l\u00e1b b\u0151r\u00e9nek v\u00e9d\u0151g\u00e1tj\u00e1t. Gyullad\u00e1scs\u00f6kkent\u0151 tulajdons\u00e1gokkal rendelkezik.<\/p>\n<\/div><figure class=\"wp-block-media-text__media\"><img decoding=\"async\" width=\"1024\" height=\"683\" src=\"https:\/\/honorata-skarbek.com\/wp-content\/uploads\/2022\/11\/Rumianek-Promicil-HS-1024x683.jpg\" alt=\"A Promicil \u00f6sszet\u00e9tel\u00e9ben k\u00f6r\u00f6mvir\u00e1gkivonat tal\u00e1lhat\u00f3.\" class=\"wp-image-4527 size-full\" title=\"\" srcset=\"https:\/\/honorata-skarbek.com\/wp-content\/uploads\/2022\/11\/Rumianek-Promicil-HS-1024x683.jpg 1024w, https:\/\/honorata-skarbek.com\/wp-content\/uploads\/2022\/11\/Rumianek-Promicil-HS-300x200.jpg 300w, https:\/\/honorata-skarbek.com\/wp-content\/uploads\/2022\/11\/Rumianek-Promicil-HS-768x512.jpg 768w, https:\/\/honorata-skarbek.com\/wp-content\/uploads\/2022\/11\/Rumianek-Promicil-HS-18x12.jpg 18w, https:\/\/honorata-skarbek.com\/wp-content\/uploads\/2022\/11\/Rumianek-Promicil-HS.jpg 1200w\" sizes=\"(max-width: 1024px) 100vw, 1024px\" \/><\/figure><\/div>\n\n\n\n<ul class=\"wp-block-list\">\n<li>Ricinusolaj<\/li>\n<\/ul>\n\n\n\n<p>Enyh\u00edti az irrit\u00e1ci\u00f3t, megsz\u00fcnteti a gy\u0171r\u0171sf\u00e9reg t\u00fcneteit \u00e9s nyugtat\u00f3 hat\u00e1s\u00fa. Er\u0151s antibakteri\u00e1lis hat\u00e1ssal rendelkezik. Helyre\u00e1ll\u00edtja a s\u00e9r\u00fclt k\u00f6r\u00f6mlemezt. <strong><a href=\"https:\/\/honorata-skarbek.com\/hu\/solage-collagen\/\" target=\"_blank\" data-type=\"post\" data-id=\"4328\" rel=\"noreferrer noopener\">Hidrat\u00e1l \u00e9s serkenti a b\u0151r regener\u00e1l\u00f3d\u00e1s\u00e1t<\/a><\/strong>.<\/p>\n\n\n\n<ul class=\"wp-block-list\">\n<li>Teafa lev\u00e9l olaj<\/li>\n<\/ul>\n\n\n\n<p>Rendk\u00edv\u00fcl hat\u00e9kony, term\u00e9szetes gy\u00f3gym\u00f3d a l\u00e1bgomba ellen. Nemcsak a gomb\u00e1kat, hanem a bakt\u00e9riumokat \u00e9s v\u00edrusokat is meg\u00f6li. Er\u0151s\u00edti az immunit\u00e1st, cs\u00f6kkenti a l\u00e1bszagot \u00e9s az izzad\u00e1st. Megsz\u00fcnteti az olyan t\u00fcneteket, mint az \u00e9g\u00e9s \u00e9s a viszket\u00e9s.<\/p>\n\n\n\n<h2 class=\"wp-block-heading\"><span class=\"ez-toc-section\" id=\"Czy_Promicil_to_skuteczny_preparat_na_grzybice\"><\/span>A Promicil hat\u00e9kony kezel\u00e9s a gy\u0171r\u0171sf\u00e9reg ellen?<span class=\"ez-toc-section-end\"><\/span><\/h2>\n\n\n\n<p>A Promicil hat\u00e1sa klinikailag bizony\u00edtott. 2019-ben a kr\u00e9met alaposan tesztelt\u00e9k a B\u0151rgy\u00f3gy\u00e1szati Int\u00e9zetben egy 550 f\u0151s, l\u00e1b- \u00e9s k\u00f6r\u00f6mgomb\u00e1val diagnosztiz\u00e1lt embercsoporton. Az emberek t\u00f6bb mint 95 sz\u00e1zal\u00e9k\u00e1n\u00e1l m\u00e1r az els\u0151 ciklusban siker\u00fclt megsz\u00fcntetni a kellemetlen t\u00fcneteket, \u00e9s egy hosszabb kezel\u00e9s ut\u00e1n a vizsg\u00e1lt betegek sz\u00e1z sz\u00e1zal\u00e9ka meggy\u00f3gyult a l\u00e1bgomb\u00e1t\u00f3l.<\/p>\n\n\n\n<p>A kr\u00e9m formul\u00e1ja tapasztalt tud\u00f3sok munk\u00e1ja, akik olyan kr\u00e9met akartak l\u00e9trehozni, amely \u00f6tv\u00f6zi a modern orvostudom\u00e1ny v\u00edvm\u00e1nyait a term\u00e9szetes gy\u00f3gym\u00f3dokkal. A Promicil rendk\u00edv\u00fcl hat\u00e9konynak bizonyult, \u00e9s b\u00e1r nem v\u00e9nyk\u00f6teles, nagyon sok orvos aj\u00e1nlja.<\/p>\n\n\n\n<p>Olvassa el tov\u00e1bb\u00e1:&nbsp;<strong><a href=\"https:\/\/honorata-skarbek.com\/hu\/bor\/\" target=\"_blank\" rel=\"noreferrer noopener\">Hogyan lehet megszabadulni a b\u0151r t\u00f6k\u00e9letlens\u00e9geit\u0151l<\/a><\/strong>.<\/p>\n\n\n\n<h2 class=\"wp-block-heading\"><span class=\"ez-toc-section\" id=\"Jak_stosowac_krem_Promicil\"><\/span>Hogyan kell haszn\u00e1lni a Promicil kr\u00e9met?<span class=\"ez-toc-section-end\"><\/span><\/h2>\n\n\n\n<p>A Promicil a l\u00e1b b\u0151r\u00e9nek ken\u00e9s\u00e9re szolg\u00e1l\u00f3 kr\u00e9m. A b\u0151rt alaposan meg kell mosni \u00e9s meg kell sz\u00e1r\u00edtani az alkalmaz\u00e1s el\u0151tt. A kr\u00e9met alaposan fel kell kenni a l\u00e1bfej teljes fel\u00fclet\u00e9re, bele\u00e9rtve a l\u00e1bujjak k\u00f6z\u00f6tti r\u00e9szt is, ahol a <a href=\"https:\/\/www.cdc.gov\/healthywater\/hygiene\/disease\/athletes_foot.html\" target=\"_blank\" data-type=\"URL\" data-id=\"https:\/\/www.cdc.gov\/healthywater\/hygiene\/disease\/athletes_foot.html\" rel=\"noreferrer noopener\">gy\u0171r\u0171sf\u00e9reg <\/a>\u00e1ltal\u00e1ban a leger\u0151sebben fejl\u0151dik. A kr\u00e9m kellemes \u00e1llag\u00fa, gyorsan felsz\u00edv\u00f3dik, nem hagy zs\u00edros foltokat, \u00e9s semleges illat\u00fa. A kr\u00e9m alkalmaz\u00e1s\u00e1t naponta meg kell ism\u00e9telni, am\u00edg az eg\u00e9sz tubus el nem fogy.<\/p>\n\n\n\n<h2 class=\"wp-block-heading\"><span class=\"ez-toc-section\" id=\"Czy_sa_przeciwwskazania_do_stosowania_kremu_Promicil\"><\/span>Vannak-e ellenjavallatai a Promicil kr\u00e9m alkalmaz\u00e1s\u00e1nak?<span class=\"ez-toc-section-end\"><\/span><\/h2>\n\n\n\n<p>Term\u00e9szetes formul\u00e1j\u00e1nak k\u00f6sz\u00f6nhet\u0151en a Promicil kr\u00e9m teljesen biztons\u00e1gos, \u00e9s gyermekek sz\u00e1m\u00e1ra is enged\u00e9lyezett. Ez egy olyan term\u00e9k, amely az eg\u00e9sz csal\u00e1d sz\u00e1m\u00e1ra hasznos, \u00e1tfog\u00f3 hat\u00e1s\u00fa, amellyel gyorsan gy\u00f3gy\u00edthat\u00f3 a gy\u0171r\u0171sf\u00e9reg \u00e9s megel\u0151zhet\u0151 a ki\u00fajul\u00e1s.<\/p>\n\n\n\n<h2 class=\"wp-block-heading\"><span class=\"ez-toc-section\" id=\"Promicil_Cena\"><\/span>Promicil \u00e1r<span class=\"ez-toc-section-end\"><\/span><\/h2>\n\n\n\n<div class=\"wp-block-media-text alignwide is-stacked-on-mobile\" style=\"grid-template-columns:16% auto\"><figure class=\"wp-block-media-text__media\"><a href=\"https:\/\/honorata-skarbek.com\/hu\/prom\/\" target=\"_blank\" rel=\"noreferrer noopener\"><img decoding=\"async\" width=\"310\" height=\"603\" src=\"https:\/\/honorata-skarbek.com\/wp-content\/uploads\/2022\/11\/Promicil-removebg-preview.png\" alt=\"Promicil prom\u00f3ci\u00f3ban van -50%\" class=\"wp-image-4516 size-full\" title=\"\" srcset=\"https:\/\/honorata-skarbek.com\/wp-content\/uploads\/2022\/11\/Promicil-removebg-preview.png 310w, https:\/\/honorata-skarbek.com\/wp-content\/uploads\/2022\/11\/Promicil-removebg-preview-154x300.png 154w, https:\/\/honorata-skarbek.com\/wp-content\/uploads\/2022\/11\/Promicil-removebg-preview-6x12.png 6w\" sizes=\"(max-width: 310px) 100vw, 310px\" \/><\/a><\/figure><div class=\"wp-block-media-text__content\">\n<p><strong>Hol kaphat\u00f3 a Promicil? Mennyi az \u00e1ra?<\/strong> A Promicil nem ker\u00fclt a gy\u00f3gyszert\u00e1rakba, \u00e9s csak online \u00e1rulj\u00e1k. A megrendel\u00e9seket a gy\u00e1rt\u00f3 weboldal\u00e1n fogadj\u00e1k a nap 24 \u00f3r\u00e1j\u00e1ban. Hogyan n\u00e9z ki ez a gyakorlatban? A term\u00e9k oldal\u00e1n tal\u00e1lhat\u00f3 egy \u0171rlap, amelybe be kell \u00edrnia a nev\u00e9t \u00e9s a telefonsz\u00e1m\u00e1t. Egy tan\u00e1csad\u00f3 visszah\u00edvja a k\u00e9r\u00e9s\u00e9t elk\u00fcld\u0151 \u00fcgyfelet, \u00e9s a besz\u00e9lget\u00e9s sor\u00e1n elmagyar\u00e1zza a megrendel\u00e9s r\u00e9szleteit, megkapja a sz\u00e1ll\u00edt\u00e1si adatokat, \u00e9s v\u00e1laszol a term\u00e9kkel \u00e9s a sz\u00e1ll\u00edt\u00e1ssal kapcsolatos k\u00e9rd\u00e9sekre.<\/p>\n<\/div><\/div>\n\n\n\n<div class=\"wp-block-buttons is-content-justification-center is-layout-flex wp-container-core-buttons-is-layout-16018d1d wp-block-buttons-is-layout-flex\">\n<div class=\"wp-block-button has-custom-width wp-block-button__width-75 has-custom-font-size has-medium-font-size\"><a class=\"wp-block-button__link has-blush-bordeaux-gradient-background has-background wp-element-button\" href=\"https:\/\/honorata-skarbek.com\/hu\/prom\/\" target=\"_blank\" rel=\"noreferrer noopener\">V\u00c1S\u00c1RL\u00c1S<\/a><\/div>\n<\/div>\n\n\n\n<p>A csomagot diszkr\u00e9ten csomagolj\u00e1k, an\u00e9lk\u00fcl, hogy felfedn\u00e9k a tartalm\u00e1t. A csomagot fut\u00e1rszolg\u00e1lat sz\u00e1ll\u00edtja a megadott c\u00edmre. Nincs sz\u00fcks\u00e9g el\u0151legre, \u00e9s a csomag \u00e1tv\u00e9telekor nyugodtan kiegyenl\u00edtheti a fizet\u00e9st. Egy csomag kr\u00e9m\u00e9rt 378 PLN-t kell fizetni, de a gy\u00e1rt\u00f3 gyakran cs\u00f6kkenti az \u00e1rakat, \u00e9s egy ilyen akci\u00f3 most is zajlik. Ennek k\u00f6sz\u00f6nhet\u0151en a Promicil f\u00e9l\u00e1ron, azaz 189 PLN-\u00e9rt v\u00e1s\u00e1rolhat\u00f3 meg. A prom\u00f3ci\u00f3 azonban id\u0151ben korl\u00e1tozott.<\/p>\n\n\n\n<h2 class=\"wp-block-heading\"><span class=\"ez-toc-section\" id=\"Pytania_i_odpowiedzi\"><\/span>K\u00e9rd\u00e9sek \u00e9s v\u00e1laszok<span class=\"ez-toc-section-end\"><\/span><\/h2>\n\n\n<div id=\"rank-math-faq\" class=\"rank-math-block\">\n<div class=\"rank-math-list\">\n<div id=\"faq-question-1667511930428\" class=\"rank-math-list-item\">\n<h3 class=\"rank-math-question\"><span class=\"ez-toc-section\" id=\"Do_czego_sluzy_Promicil\"><\/span>Milyen betegs\u00e9gek eset\u00e9n alkalmazhat\u00f3 a Promicil?<span class=\"ez-toc-section-end\"><\/span><\/h3>\n<div class=\"rank-math-answer\">\n\n<p>A kr\u00e9m a tinea pedis kezel\u00e9s\u00e9re szolg\u00e1l. Seg\u00edts\u00e9g\u00e9vel megsz\u0171nhet a gyullad\u00e1s, cs\u00f6kkenhet a h\u00e1ml\u00f3 b\u0151r \u00e9s a l\u00e1bizzad\u00e1s.<\/p>\n\n<\/div>\n<\/div>\n<div id=\"faq-question-1667511937316\" class=\"rank-math-list-item\">\n<h3 class=\"rank-math-question\"><span class=\"ez-toc-section\" id=\"Czy_kazdy_moze_stosowac_Promicil\"><\/span>Haszn\u00e1lhatja valaki a Promicilt?<span class=\"ez-toc-section-end\"><\/span><\/h3>\n<div class=\"rank-math-answer\">\n\n<p>Igen, ez egy olyan term\u00e9k, amely minden olyan ember sz\u00e1m\u00e1ra alkalmas, aki term\u00e9szetes m\u00f3don szeretne megszabadulni a gy\u0171r\u0171sf\u00e9regt\u0151l.<\/p>\n\n<\/div>\n<\/div>\n<div id=\"faq-question-1667511952019\" class=\"rank-math-list-item\">\n<h3 class=\"rank-math-question\"><span class=\"ez-toc-section\" id=\"Czy_Promicil_powoduje_skutki_uboczne\"><\/span>A Promicil okoz mell\u00e9khat\u00e1sokat?<span class=\"ez-toc-section-end\"><\/span><\/h3>\n<div class=\"rank-math-answer\">\n\n<p>A Promicil egy biztons\u00e1gos, term\u00e9szetes \u00f6sszetev\u0151kb\u0151l k\u00e9sz\u00fclt term\u00e9k, amely nem okoz semmilyen mell\u00e9khat\u00e1st a szervezetben.<\/p>\n\n<\/div>\n<\/div>\n<div id=\"faq-question-1667511961604\" class=\"rank-math-list-item\">\n<h3 class=\"rank-math-question\"><span class=\"ez-toc-section\" id=\"Czy_Promicil_jest_na_recepte\"><\/span>A Promicil v\u00e9nyk\u00f6teles?<span class=\"ez-toc-section-end\"><\/span><\/h3>\n<div class=\"rank-math-answer\">\n\n<p>A Promicil egy term\u00e9szetes kr\u00e9m, amely v\u00e9ny n\u00e9lk\u00fcl rendelhet\u0151.<\/p>\n\n<\/div>\n<\/div>\n<div id=\"faq-question-1667511974503\" class=\"rank-math-list-item\">\n<h3 class=\"rank-math-question\"><span class=\"ez-toc-section\" id=\"Jak_szybko_Promicil_daje_efekty\"><\/span>Milyen gyorsan hoz eredm\u00e9nyt a Promicil?<span class=\"ez-toc-section-end\"><\/span><\/h3>\n<div class=\"rank-math-answer\">\n\n<p>A javul\u00e1s m\u00e1r az els\u0151 haszn\u00e1latok ut\u00e1n \u00e9szrevehet\u0151. A gy\u0171r\u0171sf\u00e9rgess\u00e9g teljes gy\u00f3gyul\u00e1s\u00e1hoz legal\u00e1bb egy ciklusra van sz\u00fcks\u00e9g.<\/p>\n\n<\/div>\n<\/div>\n<\/div>\n<\/div>","protected":false},"excerpt":{"rendered":"<p>A Promicil a tinea pedis elleni k\u00e9sz\u00edtm\u00e9ny. Egyre n\u00e9pszer\u0171bb\u00e9 v\u00e1lik, \u00e9s egyre t\u00f6bb pozit\u00edv v\u00e9lem\u00e9nyt kap, ami a nagyon hat\u00e9kony m\u0171k\u00f6d\u00e9s\u00e9nek k\u00f6sz\u00f6nhet\u0151, amelyet mind a tanulm\u00e1nyok, mind az el\u00e9gedett felhaszn\u00e1l\u00f3k sz\u00e1mos megjegyz\u00e9se meger\u0151s\u00edt. Term\u00e9szetes \u00f6sszet\u00e9tel\u0171, gy\u00f3gy\u00edt\u00f3 \u00e9s regener\u00e1l\u00f3 hat\u00e1s\u00fa kr\u00e9m, \u00edgy a l\u00e1bak gyorsan regener\u00e1l\u00f3dnak \u00e9s tov\u00e1bbi v\u00e9delmet kapnak ... <a title=\"Promicil v\u00e9lem\u00e9nyek - \u00c1r, \u00f6sszet\u00e9tel, hol lehet megv\u00e1s\u00e1rolni, mennyibe ker\u00fcl, hat\u00e1sok, hat\u00e1sok, hat\u00e1sok\" class=\"read-more\" href=\"https:\/\/honorata-skarbek.com\/hu\/promicil\/\" aria-label=\"Tov\u00e1bb Promicil Opinie \u2013 Cena, Sk\u0142ad, Gdzie Kupi\u0107, Ile Kosztuje, Dzia\u0142anie, Efekty\">Olvass tov\u00e1bb<\/a><\/p>","protected":false},"author":2,"featured_media":4516,"comment_status":"open","ping_status":"open","sticky":false,"template":"","format":"standard","meta":{"footnotes":""},"categories":[21],"tags":[533,535,536],"class_list":["post-4514","post","type-post","status-publish","format-standard","has-post-thumbnail","hentry","category-zdrowie","tag-promicil-cena","tag-promicil-opinie","tag-promicil-sklad"],"_links":{"self":[{"href":"https:\/\/honorata-skarbek.com\/hu\/wp-json\/wp\/v2\/posts\/4514","targetHints":{"allow":["GET"]}}],"collection":[{"href":"https:\/\/honorata-skarbek.com\/hu\/wp-json\/wp\/v2\/posts"}],"about":[{"href":"https:\/\/honorata-skarbek.com\/hu\/wp-json\/wp\/v2\/types\/post"}],"author":[{"embeddable":true,"href":"https:\/\/honorata-skarbek.com\/hu\/wp-json\/wp\/v2\/users\/2"}],"replies":[{"embeddable":true,"href":"https:\/\/honorata-skarbek.com\/hu\/wp-json\/wp\/v2\/comments?post=4514"}],"version-history":[{"count":0,"href":"https:\/\/honorata-skarbek.com\/hu\/wp-json\/wp\/v2\/posts\/4514\/revisions"}],"wp:featuredmedia":[{"embeddable":true,"href":"https:\/\/honorata-skarbek.com\/hu\/wp-json\/wp\/v2\/media\/4516"}],"wp:attachment":[{"href":"https:\/\/honorata-skarbek.com\/hu\/wp-json\/wp\/v2\/media?parent=4514"}],"wp:term":[{"taxonomy":"category","embeddable":true,"href":"https:\/\/honorata-skarbek.com\/hu\/wp-json\/wp\/v2\/categories?post=4514"},{"taxonomy":"post_tag","embeddable":true,"href":"https:\/\/honorata-skarbek.com\/hu\/wp-json\/wp\/v2\/tags?post=4514"}],"curies":[{"name":"wp","href":"https:\/\/api.w.org\/{rel}","templated":true}]}}