{"id":5051,"date":"2024-09-26T09:24:47","date_gmt":"2024-09-26T09:24:47","guid":{"rendered":"https:\/\/honorata-skarbek.com\/?p=5051"},"modified":"2024-09-26T09:24:49","modified_gmt":"2024-09-26T09:24:49","slug":"menozina","status":"publish","type":"post","link":"https:\/\/honorata-skarbek.com\/hu\/menozina\/","title":{"rendered":"Menozina \u00e1r - v\u00e9lem\u00e9nyek, \u00f6sszet\u00e9tel, hat\u00e1sok, hat\u00e1s, akci\u00f3, hol lehet megv\u00e1s\u00e1rolni, mennyibe ker\u00fcl, f\u00f3rum"},"content":{"rendered":"<div id=\"ez-toc-container\" class=\"ez-toc-v2_0_82_2 counter-hierarchy ez-toc-counter ez-toc-light-blue ez-toc-container-direction\">\n<p class=\"ez-toc-title\" style=\"cursor:inherit\">Tartalomjegyz\u00e9k<\/p>\n<label for=\"ez-toc-cssicon-toggle-item-69f530dd439ce\" class=\"ez-toc-cssicon-toggle-label\"><span class=\"\"><span class=\"eztoc-hide\" style=\"display:none;\">Toggle<\/span><span class=\"ez-toc-icon-toggle-span\"><svg style=\"fill: #999;color:#999\" xmlns=\"http:\/\/www.w3.org\/2000\/svg\" class=\"list-377408\" width=\"20px\" height=\"20px\" viewbox=\"0 0 24 24\" fill=\"none\"><path d=\"M6 6H4v2h2V6zm14 0H8v2h12V6zM4 11h2v2H4v-2zm16 0H8v2h12v-2zM4 16h2v2H4v-2zm16 0H8v2h12v-2z\" fill=\"currentColor\"><\/path><\/svg><svg style=\"fill: #999;color:#999\" class=\"arrow-unsorted-368013\" xmlns=\"http:\/\/www.w3.org\/2000\/svg\" width=\"10px\" height=\"10px\" viewbox=\"0 0 24 24\" version=\"1.2\" baseprofile=\"tiny\"><path d=\"M18.2 9.3l-6.2-6.3-6.2 6.3c-.2.2-.3.4-.3.7s.1.5.3.7c.2.2.4.3.7.3h11c.3 0 .5-.1.7-.3.2-.2.3-.5.3-.7s-.1-.5-.3-.7zM5.8 14.7l6.2 6.3 6.2-6.3c.2-.2.3-.5.3-.7s-.1-.5-.3-.7c-.2-.2-.4-.3-.7-.3h-11c-.3 0-.5.1-.7.3-.2.2-.3.5-.3.7s.1.5.3.7z\"\/><\/svg><\/span><\/span><\/label><input type=\"checkbox\"  id=\"ez-toc-cssicon-toggle-item-69f530dd439ce\" checked aria-label=\"Toggle\" \/><nav><ul class='ez-toc-list ez-toc-list-level-1' ><li class='ez-toc-page-1 ez-toc-heading-level-2'><a class=\"ez-toc-link ez-toc-heading-1\" href=\"https:\/\/honorata-skarbek.com\/hu\/menozina\/#Menozina_Cena\" >Menozina \u00e1r<\/a><ul class='ez-toc-list-level-3' ><li class='ez-toc-heading-level-3'><a class=\"ez-toc-link ez-toc-heading-2\" href=\"https:\/\/honorata-skarbek.com\/hu\/menozina\/#Ile_kosztuje_Menozina_Gdzie_mozna_ja_kupic\" >Mennyibe ker\u00fcl a Menozina? Hol lehet megv\u00e1s\u00e1rolni?<\/a><\/li><\/ul><\/li><li class='ez-toc-page-1 ez-toc-heading-level-2'><a class=\"ez-toc-link ez-toc-heading-3\" href=\"https:\/\/honorata-skarbek.com\/hu\/menozina\/#Co_to_jest_Menozina\" >Milyen t\u00edpus\u00fa gy\u00f3gyszer a Menozina?<\/a><\/li><li class='ez-toc-page-1 ez-toc-heading-level-2'><a class=\"ez-toc-link ez-toc-heading-4\" href=\"https:\/\/honorata-skarbek.com\/hu\/menozina\/#Jaki_jest_sklad_Menozina\" >Milyen \u00f6sszet\u00e9tel\u0171 a Menozina?<\/a><\/li><li class='ez-toc-page-1 ez-toc-heading-level-2'><a class=\"ez-toc-link ez-toc-heading-5\" href=\"https:\/\/honorata-skarbek.com\/hu\/menozina\/#Jak_dziala_Menozina\" >Hogyan fejti ki hat\u00e1s\u00e1t a Menozina?<\/a><\/li><li class='ez-toc-page-1 ez-toc-heading-level-2'><a class=\"ez-toc-link ez-toc-heading-6\" href=\"https:\/\/honorata-skarbek.com\/hu\/menozina\/#Na_jakie_objawy_pomaga_Menozina\" >Milyen t\u00fcneteken seg\u00edt a Menozina?<\/a><\/li><li class='ez-toc-page-1 ez-toc-heading-level-2'><a class=\"ez-toc-link ez-toc-heading-7\" href=\"https:\/\/honorata-skarbek.com\/hu\/menozina\/#Czy_Menozina_to_bezpieczny_suplement\" >A Menozina biztons\u00e1gos kieg\u00e9sz\u00edt\u0151?<\/a><\/li><li class='ez-toc-page-1 ez-toc-heading-level-2'><a class=\"ez-toc-link ez-toc-heading-8\" href=\"https:\/\/honorata-skarbek.com\/hu\/menozina\/#Jak_stosowac_suplement_Menozina\" >Hogyan kell haszn\u00e1lni a Menozina kieg\u00e9sz\u00edt\u0151t?<\/a><\/li><li class='ez-toc-page-1 ez-toc-heading-level-2'><a class=\"ez-toc-link ez-toc-heading-9\" href=\"https:\/\/honorata-skarbek.com\/hu\/menozina\/#Czy_Menozina_jest_skuteczna\" >A Menozina hat\u00e9kony?<\/a><\/li><li class='ez-toc-page-1 ez-toc-heading-level-2'><a class=\"ez-toc-link ez-toc-heading-10\" href=\"https:\/\/honorata-skarbek.com\/hu\/menozina\/#Menozina_Opinie\" >Menozina v\u00e9lem\u00e9nyek<\/a><ul class='ez-toc-list-level-3' ><li class='ez-toc-heading-level-3'><a class=\"ez-toc-link ez-toc-heading-11\" href=\"https:\/\/honorata-skarbek.com\/hu\/menozina\/#Jakie_sa_opinie_o_tabletkach_Menozina\" >Mi a v\u00e9lem\u00e9ny a Menozina tablett\u00e1kr\u00f3l?<\/a><\/li><\/ul><\/li><li class='ez-toc-page-1 ez-toc-heading-level-2'><a class=\"ez-toc-link ez-toc-heading-12\" href=\"https:\/\/honorata-skarbek.com\/hu\/menozina\/#Czy_Menozina_moze_wyleczyc_menopauze\" >Gy\u00f3gy\u00edthatja-e a Menozina a menopauz\u00e1t?<\/a><\/li><li class='ez-toc-page-1 ez-toc-heading-level-2'><a class=\"ez-toc-link ez-toc-heading-13\" href=\"https:\/\/honorata-skarbek.com\/hu\/menozina\/#Dla_kogo_jest_Menozina\" >Kinek sz\u00f3l a Menozina?<\/a><\/li><li class='ez-toc-page-1 ez-toc-heading-level-2'><a class=\"ez-toc-link ez-toc-heading-14\" href=\"https:\/\/honorata-skarbek.com\/hu\/menozina\/#Pytania_i_odpowiedzi\" >K\u00e9rd\u00e9sek \u00e9s v\u00e1laszok<\/a><ul class='ez-toc-list-level-3' ><li class='ez-toc-heading-level-3'><a class=\"ez-toc-link ez-toc-heading-15\" href=\"https:\/\/honorata-skarbek.com\/hu\/menozina\/#Czym_jest_Menozina\" >Milyen t\u00edpus\u00fa gy\u00f3gyszer a Menozina?<\/a><\/li><li class='ez-toc-page-1 ez-toc-heading-level-3'><a class=\"ez-toc-link ez-toc-heading-16\" href=\"https:\/\/honorata-skarbek.com\/hu\/menozina\/#Jak_wyglada_kuracja_z_tabletkami_Menozina\" >Milyen a Menozina tablett\u00e1val t\u00f6rt\u00e9n\u0151 kezel\u00e9s?<\/a><\/li><li class='ez-toc-page-1 ez-toc-heading-level-3'><a class=\"ez-toc-link ez-toc-heading-17\" href=\"https:\/\/honorata-skarbek.com\/hu\/menozina\/#Czy_Menozina_jest_na_recepte\" >A Menozina v\u00e9nyk\u00f6teles?<\/a><\/li><li class='ez-toc-page-1 ez-toc-heading-level-3'><a class=\"ez-toc-link ez-toc-heading-18\" href=\"https:\/\/honorata-skarbek.com\/hu\/menozina\/#Czy_po_kapsulkach_na_menopauze_wystepuja_skutki_uboczne\" >Vannak mell\u00e9khat\u00e1sok a menopauza kapszula ut\u00e1n?<\/a><\/li><li class='ez-toc-page-1 ez-toc-heading-level-3'><a class=\"ez-toc-link ez-toc-heading-19\" href=\"https:\/\/honorata-skarbek.com\/hu\/menozina\/#Dla_kogo_jest_Menozina-2\" >Kinek sz\u00f3l a Menozina?<\/a><\/li><\/ul><\/li><\/ul><\/nav><\/div>\n\n<p><strong>A Menozina egy kapszula, amely seg\u00edt elviselhet\u0151bb\u00e9 tenni a menopauza id\u0151szak\u00e1t, \u00e9s megszabadulni a kellemetlen t\u00fcnetekt\u0151l, amelyek ebben a k\u00fcl\u00f6nleges id\u0151szakban jelentkeznek. A term\u00e9k \u00e1r\u00e1t \u00e9s \u00e9rt\u00e9kel\u00e9s\u00e9t az al\u00e1bbi cikkben tal\u00e1lja. A n\u0151k t\u00f6bbs\u00e9ge kellemetlen\u00fcl \u00e9li meg a menopauz\u00e1t, \u00e9s a kellemetlens\u00e9gek olyannyira elviselhetetlenek lehetnek, hogy zavarj\u00e1k a szok\u00e1sos napi tev\u00e9kenys\u00e9geket. A gy\u00f3gyszeres kezel\u00e9s nem mindig a megfelel\u0151 megold\u00e1s, de a Menozina egy term\u00e9szetes \u00e9trend-kieg\u00e9sz\u00edt\u0151, biztons\u00e1gos \u00f6sszetev\u0151kkel, \u00edgy van es\u00e9ly a k\u00e9nyelem helyre\u00e1ll\u00edt\u00e1s\u00e1ra a mell\u00e9khat\u00e1sok kock\u00e1zata n\u00e9lk\u00fcl.<\/strong> <strong><a href=\"https:\/\/honorata-skarbek.com\/hu\/men\/\" target=\"_blank\" rel=\"noreferrer noopener nofollow\">www.Menozina.com<\/a><\/strong><\/p>\n\n\n\n<p class=\"has-text-align-center has-background has-medium-font-size\" style=\"background-color:#ccc24c\">A menozint a gy\u00e1rt\u00f3 egy tov\u00e1bbfejlesztett formul\u00e1val helyettes\u00edti, az \u00fan.<a href=\"https:\/\/honorata-skarbek.com\/hu\/nuvialab-meno\/\" data-type=\"post\" data-id=\"4113\" target=\"_blank\" rel=\"noreferrer noopener\">  Nuvialab Meno<\/a>amelyet jelenleg a k\u00f6vetkez\u0151 helyen tal\u00e1l <a href=\"https:\/\/honorata-skarbek.com\/hu\/men\/\" target=\"_blank\" rel=\"noreferrer noopener\">a gy\u00e1rt\u00f3 honlapj\u00e1n<\/a><\/p>\n\n\n\n<h2 class=\"wp-block-heading\"><span class=\"ez-toc-section\" id=\"Menozina_Cena\"><\/span>Menozina \u00e1r<span class=\"ez-toc-section-end\"><\/span><\/h2>\n\n\n\n<h3 class=\"wp-block-heading\"><span class=\"ez-toc-section\" id=\"Ile_kosztuje_Menozina_Gdzie_mozna_ja_kupic\"><\/span><strong>Mennyibe ker\u00fcl a Menozina? Hol lehet megv\u00e1s\u00e1rolni?<\/strong><span class=\"ez-toc-section-end\"><\/span><\/h3>\n\n\n\n<div class=\"wp-block-media-text alignwide is-stacked-on-mobile\" style=\"grid-template-columns:27% auto\"><figure class=\"wp-block-media-text__media\"><a href=\"https:\/\/honorata-skarbek.com\/hu\/men\/\" target=\"_blank\" rel=\"noreferrer noopener\"><img decoding=\"async\" width=\"318\" height=\"470\" src=\"https:\/\/honorata-skarbek.com\/wp-content\/uploads\/2023\/02\/Menozina-kapsulki.png\" alt=\"Menosin prom\u00f3ci\u00f3s \u00e1r a hivatalos honlapon\" class=\"wp-image-5054 size-full\" title=\"\" srcset=\"https:\/\/honorata-skarbek.com\/wp-content\/uploads\/2023\/02\/Menozina-kapsulki.png 318w, https:\/\/honorata-skarbek.com\/wp-content\/uploads\/2023\/02\/Menozina-kapsulki-203x300.png 203w, https:\/\/honorata-skarbek.com\/wp-content\/uploads\/2023\/02\/Menozina-kapsulki-8x12.png 8w\" sizes=\"(max-width: 318px) 100vw, 318px\" \/><\/a><\/figure><div class=\"wp-block-media-text__content\">\n<p>A Menozina egy nagyon \u00e9rt\u00e9kes kieg\u00e9sz\u00edt\u0151, nagy d\u00f3zis\u00fa hat\u00f3anyagokkal. Ennek a kieg\u00e9sz\u00edt\u00e9snek sz\u00e1mos hamis\u00edtv\u00e1nya m\u00e1r megjelent a piacon, de az eredeti kapszul\u00e1kat csak a gy\u00e1rt\u00f3 weboldal\u00e1n lehet beszerezni. M\u00e1shol nincs hivatalos forgalmaz\u00e1s, amit \u00e9rdemes szem el\u0151tt tartani, amikor aj\u00e1nlatokat keresel magadnak. A megrendel\u00e9s lead\u00e1sa egy r\u00f6vid \u0171rlap kit\u00f6lt\u00e9s\u00e9re korl\u00e1toz\u00f3dik, melyben megadja a sz\u00e1ll\u00edt\u00e1si adatokat, \u00e9s bejel\u00f6lheti a kiv\u00e1lasztott \u00e1rat. A csomagot egy munkanapon bel\u00fcl elk\u00e9sz\u00edtj\u00fck, ami azt jelenti, hogy a csomagnak a megrendel\u00e9s elk\u00fcld\u00e9se ut\u00e1n nem sokkal m\u00e1r ott kell lennie.<\/p>\n<\/div><\/div>\n\n\n\n<div class=\"wp-block-buttons is-content-justification-center is-layout-flex wp-container-core-buttons-is-layout-16018d1d wp-block-buttons-is-layout-flex\">\n<div class=\"wp-block-button has-custom-width wp-block-button__width-75 has-custom-font-size has-medium-font-size\"><a class=\"wp-block-button__link has-blush-bordeaux-gradient-background has-background wp-element-button\" href=\"https:\/\/honorata-skarbek.com\/hu\/men\/\" target=\"_blank\" rel=\"noreferrer noopener\">V\u00c1S\u00c1RL\u00c1S<\/a><\/div>\n<\/div>\n\n\n\n<p>A sz\u00e1ll\u00edt\u00e1s ingyenes, ha nagyobb mennyis\u00e9get rendel a kieg\u00e9sz\u00edt\u00e9sb\u0151l, m\u00edg ha csak egy csomag Menozina v\u00e1s\u00e1rol, a sz\u00e1ll\u00edt\u00e1si k\u00f6lts\u00e9gek m\u00e9g mindig hozz\u00e1ad\u00f3dnak a term\u00e9k \u00e1r\u00e1hoz. Az \u00e1r a csomag kiv\u00e1laszt\u00e1s\u00e1t\u00f3l f\u00fcgg - min\u00e9l nagyobb k\u00e9szletet v\u00e1laszt, ann\u00e1l alacsonyabb lesz a tablett\u00e1k egys\u00e9g\u00e1ra. A csomagok ez\u00e9rt sokkal k\u00f6lts\u00e9ghat\u00e9konyabb megold\u00e1st jelentenek, k\u00fcl\u00f6n\u00f6sen az\u00e9rt, mert a tablett\u00e1kat \u00f6sszesen t\u00f6bb h\u00f3napon kereszt\u00fcl kell szedni ahhoz, hogy az \u00d6n \u00e1llapot\u00e1nak javul\u00e1sa teljes m\u00e9rt\u00e9kben \u00e9rv\u00e9nyes\u00fclj\u00f6n.<\/p>\n\n\n\n<h2 class=\"wp-block-heading\"><span class=\"ez-toc-section\" id=\"Co_to_jest_Menozina\"><\/span>Milyen t\u00edpus\u00fa gy\u00f3gyszer a Menozina?<span class=\"ez-toc-section-end\"><\/span><\/h2>\n\n\n\n<p>A menopauza m\u00e1s n\u00e9ven klimax, egy term\u00e9szetes folyamat, amelyen minden \u00e9rett n\u0151 \u00e1tmegy. A menopauza \u00e1ltal\u00e1ban 45 \u00e9s 55 \u00e9ves kor k\u00f6z\u00f6tt k\u00f6vetkezik be, de hogy pontosan mikor, az a szervezet egy\u00e9ni hajlam\u00e1t\u00f3l f\u00fcgg. Biol\u00f3giailag a menopauza egyszer\u0171en azt jelenti, hogy a n\u0151 m\u00e1r nem lesz k\u00e9pes teherbe esni, de sajnos ez nem csak azt jelenti, hogy a petef\u00e9szkek le\u00e1llnak - ez a v\u00e1ltoz\u00e1s sz\u00e1mos m\u00e1s folyamatot is kiv\u00e1lt a n\u0151 szervezet\u00e9ben, ami \u00e1ltal\u00e1ban t\u00f6bb\u00e9-kev\u00e9sb\u00e9 zavar\u00f3 t\u00fcneteket okoz. Vannak olyan n\u0151k, akik szinte minden kellemetlens\u00e9g n\u00e9lk\u00fcl \u00e9lik meg a menopauz\u00e1t, de a legt\u00f6bbj\u00fck eg\u00e9szs\u00e9g\u00e9re \u00e9s k\u00f6z\u00e9rzet\u00e9re egyar\u00e1nt negat\u00edv hat\u00e1ssal van.<\/p>\n\n\n\n<p>A menopauza nem kellemes, de vannak m\u00f3dszerek a kellemetlen t\u00fcnetek enyh\u00edt\u00e9s\u00e9re.<strong> A Menozina k\u00fcl\u00f6n\u00f6sen \u00e9rt\u00e9kes kieg\u00e9sz\u00edt\u0151, mivel olyan elemeket \u00e9s vitaminokat biztos\u00edt, amelyek nagyon fontosak ebben az id\u0151szakban, lehet\u0151v\u00e9 t\u00e9ve a hormon\u00e1lis egyens\u00faly szab\u00e1lyoz\u00e1s\u00e1t \u00e9s a szervezet meger\u0151s\u00edt\u00e9s\u00e9t.<\/strong><\/p>\n\n\n<div class=\"wp-block-image\">\n<figure class=\"aligncenter size-large is-resized\"><img decoding=\"async\" width=\"1024\" height=\"683\" src=\"https:\/\/honorata-skarbek.com\/wp-content\/uploads\/2023\/02\/Menozina-HS-1024x683.jpg\" alt=\"A menozin hat\u00e9konyan m\u0171k\u00f6dik, szab\u00e1lyozza a n\u0151i hormonokat\" class=\"wp-image-5057\" style=\"width:411px;height:273px\" title=\"\" srcset=\"https:\/\/honorata-skarbek.com\/wp-content\/uploads\/2023\/02\/Menozina-HS-1024x683.jpg 1024w, https:\/\/honorata-skarbek.com\/wp-content\/uploads\/2023\/02\/Menozina-HS-300x200.jpg 300w, https:\/\/honorata-skarbek.com\/wp-content\/uploads\/2023\/02\/Menozina-HS-768x512.jpg 768w, https:\/\/honorata-skarbek.com\/wp-content\/uploads\/2023\/02\/Menozina-HS-18x12.jpg 18w, https:\/\/honorata-skarbek.com\/wp-content\/uploads\/2023\/02\/Menozina-HS.jpg 1200w\" sizes=\"(max-width: 1024px) 100vw, 1024px\" \/><\/figure>\n<\/div>\n\n\n<p>Olvasson m\u00e9g a k\u00f6vetkez\u0151kr\u0151l <strong><a href=\"https:\/\/honorata-skarbek.com\/hu\/astaxkrill\/\" target=\"_blank\" data-type=\"post\" data-id=\"4684\" rel=\"noreferrer noopener\">az AstaxKrill \u00e9lvonalbeli k\u00e9sz\u00edtm\u00e9ny,<\/a><\/strong> amely er\u0151s\u00edti az eg\u00e9sz testet, fokozza az immunit\u00e1st, jav\u00edtja az alv\u00e1s min\u0151s\u00e9g\u00e9t \u00e9s energi\u00e1t ad, ami k\u00fcl\u00f6n\u00f6sen a n\u0151kn\u00e9l hi\u00e1nyzik a menopauza idej\u00e9n. <\/p>\n\n\n\n<h2 class=\"wp-block-heading\"><span class=\"ez-toc-section\" id=\"Jaki_jest_sklad_Menozina\"><\/span>Milyen \u00f6sszet\u00e9tel\u0171 a Menozina?<span class=\"ez-toc-section-end\"><\/span><\/h2>\n\n\n\n<ul class=\"wp-block-list\">\n<li>Magn\u00e9zium<\/li>\n<\/ul>\n\n\n\n<p>Ez egy olyan elem, amely seg\u00edt fenntartani a megfelel\u0151 elektrolit-egyens\u00falyt. Megsz\u00fcnteti a f\u00e1radts\u00e1g hat\u00e1s\u00e1t, energi\u00e1t ad \u00e9s megk\u00f6nny\u00edti az elalv\u00e1st. Jav\u00edtja a mem\u00f3ri\u00e1t \u00e9s a koncentr\u00e1ci\u00f3t is. Fontos a csontok \u00e9s a fogak \u00e1llapota szempontj\u00e1b\u00f3l, amelyek a menopauza alatt hajlamosak gyeng\u00fclni.<\/p>\n\n\n\n<ul class=\"wp-block-list\">\n<li>Vas<\/li>\n<\/ul>\n\n\n\n<p>V\u00f6r\u00f6sv\u00e9rsejteket termel, \u00e9s nagyon fontos a kering\u00e9si rendszer zavartalan m\u0171k\u00f6d\u00e9s\u00e9hez. Ennek k\u00f6sz\u00f6nhet\u0151en az oxig\u00e9n eljut a sejtekhez, \u00e9s ha a hemoglobin \u00e9s az eritrocit\u00e1k szintje megfelel\u0151, elker\u00fclhet\u0151k az olyan s\u00falyos betegs\u00e9gek, mint a v\u00e9rszeg\u00e9nys\u00e9g vagy a leuk\u00e9mia. A vas t\u00e1mogatja a kognit\u00edv funkci\u00f3kat is, jav\u00edtja a szervezet fizikai teljes\u00edtm\u00e9ny\u00e9t, seg\u00edt az izmok fel\u00e9p\u00edt\u00e9s\u00e9ben \u00e9s regener\u00e1l\u00e1s\u00e1ban, \u00e9s kev\u00e9sb\u00e9 terheli meg a szervezetet a fizikai megterhel\u00e9s.<\/p>\n\n\n\n<ul class=\"wp-block-list\">\n<li>E-vitamin<\/li>\n<\/ul>\n\n\n\n<div class=\"wp-block-media-text alignwide is-stacked-on-mobile\" style=\"grid-template-columns:30% auto\"><figure class=\"wp-block-media-text__media\"><img decoding=\"async\" width=\"253\" height=\"217\" src=\"https:\/\/honorata-skarbek.com\/wp-content\/uploads\/2023\/02\/Witamina-Menozina-HS.png\" alt=\"A menozin \u00f6sszet\u00e9tel\u00e9ben vitaminok \u00e9s \u00e1sv\u00e1nyi anyagok tal\u00e1lhat\u00f3k.\" class=\"wp-image-5059 size-full\" title=\"\" srcset=\"https:\/\/honorata-skarbek.com\/wp-content\/uploads\/2023\/02\/Witamina-Menozina-HS.png 253w, https:\/\/honorata-skarbek.com\/wp-content\/uploads\/2023\/02\/Witamina-Menozina-HS-14x12.png 14w\" sizes=\"(max-width: 253px) 100vw, 253px\" \/><\/figure><div class=\"wp-block-media-text__content\">\n<p>K\u00fczd a szabad gy\u00f6k\u00f6k ellen. Er\u0151s\u00edti az immunit\u00e1st \u00e9s biztos\u00edtja, hogy az idegrendszer ne degener\u00e1l\u00f3djon id\u0151 el\u0151tt. Jav\u00edtja az anyagcsere-folyamatokat, \u00edgy k\u00f6nnyebben tartja a szervezetet j\u00f3 kond\u00edci\u00f3ban, \u00e9s elker\u00fcli az em\u00e9szt\u00e9si panaszokat. Az E-vitaminnak k\u00f6sz\u00f6nhet\u0151en <strong><a href=\"https:\/\/honorata-skarbek.com\/hu\/ocuvit\/\" target=\"_blank\" data-type=\"post\" data-id=\"3419\" rel=\"noreferrer noopener\">a l\u00e1t\u00e1s is javul<\/a><\/strong>koncentr\u00e1ci\u00f3 \u00e9s mem\u00f3ria. Ez a vitamin a \"fiatals\u00e1g vitaminja\" n\u00e9ven ismert, mivel hosszabb ideig sz\u00e9pen tartja a b\u0151rt, a hajat \u00e9s a k\u00f6rm\u00f6ket.<\/p>\n<\/div><\/div>\n\n\n\n<ul class=\"wp-block-list\">\n<li>Cink<\/li>\n<\/ul>\n\n\n\n<p>Szab\u00e1lyozza a hormonh\u00e1ztart\u00e1st, ami nagyon fontos a menopauza idej\u00e9n, amikor a szervezet e tekintetben teljesen megv\u00e1ltozik. Gondoskodik az em\u00e9szt\u0151rendszerr\u0151l \u00e9s jav\u00edtja az anyagcser\u00e9t. Megel\u0151zi a csontritkul\u00e1st \u00e9s enyh\u00edti annak t\u00fcneteit. Ez fontos eleme a k\u00f6vetkez\u0151knek <strong><a href=\"https:\/\/honorata-skarbek.com\/hu\/collagent\/\" target=\"_blank\" data-type=\"post\" data-id=\"3690\" rel=\"noreferrer noopener\">jav\u00edtja a b\u0151r, a haj \u00e9s a k\u00f6rm\u00f6k megjelen\u00e9s\u00e9t<\/a><\/strong>.<\/p>\n\n\n\n<ul class=\"wp-block-list\">\n<li>B6-vitamin<\/li>\n<\/ul>\n\n\n\n<p>Szab\u00e1lyozza a szervezet hormon\u00e1lis aktivit\u00e1s\u00e1t, \u00edgy a menopauza okozta v\u00e1ltoz\u00e1sok kev\u00e9sb\u00e9 s\u00falyosak a szervezet sz\u00e1m\u00e1ra. Jav\u00edtja a homocisztein anyagcser\u00e9t. Cs\u00f6kkenti a f\u00e1radts\u00e1g\u00e9rzetet. T\u00e1mogatja az idegrendszert, megel\u0151zi a neurodegenerat\u00edv rendelleness\u00e9geket. V\u00e9di az izmokat, bele\u00e9rtve a sz\u00edvizmot is. N\u00f6veli az immunit\u00e1st.<\/p>\n\n\n\n<ul class=\"wp-block-list\">\n<li>Riboflavin<\/li>\n<\/ul>\n\n\n\n<p>T\u00e1mogatja az idegrendszer \u00e9s az immunrendszer m\u0171k\u00f6d\u00e9s\u00e9t. Nagyon fontos a l\u00e1t\u00e1s szempontj\u00e1b\u00f3l, v\u00e9d a sz\u00fcrkeh\u00e1lyog \u00e9s m\u00e1s hib\u00e1k ellen. J\u00f3 \u00e1llapotban tartja a b\u0151rt, a ny\u00e1lkah\u00e1rtya megfelel\u0151 regener\u00e1ci\u00f3j\u00e1hoz \u00e9s optim\u00e1lis hidrat\u00e1l\u00e1s\u00e1hoz.<\/p>\n\n\n\n<ul class=\"wp-block-list\">\n<li>Tiamin<\/li>\n<\/ul>\n\n\n\n<p>N\u00f6veli a szervezet hat\u00e9konys\u00e1g\u00e1t, gondoskodik a sz\u00edv eg\u00e9szs\u00e9g\u00e9r\u0151l. Fontos az energiagazd\u00e1lkod\u00e1s szempontj\u00e1b\u00f3l. V\u00e9di az idegrendszert a degener\u00e1ci\u00f3t\u00f3l.<\/p>\n\n\n\n<ul class=\"wp-block-list\">\n<li>A-vitamin<\/li>\n<\/ul>\n\n\n\n<p>Felel\u0151s a sejtek megfelel\u0151 fejl\u0151d\u00e9s\u00e9nek biztos\u00edt\u00e1s\u00e1\u00e9rt. R\u00e9szt vesz az anyagcser\u00e9ben, el\u0151seg\u00edti a vas felsz\u00edv\u00f3d\u00e1s\u00e1t. Er\u0151s\u00edti az immunit\u00e1st.<\/p>\n\n\n\n<ul class=\"wp-block-list\">\n<li>Szel\u00e9n<\/li>\n<\/ul>\n\n\n\n<p>Gondoskodik a b\u0151r, a haj \u00e9s a k\u00f6rm\u00f6k sz\u00e9p megjelen\u00e9s\u00e9r\u0151l. V\u00e9di a pajzsmirigyet \u00e9s szab\u00e1lyozza a hormonelv\u00e1laszt\u00e1st. Megakad\u00e1lyozza az oxidat\u00edv stressz okozta k\u00e1rokat.<\/p>\n\n\n\n<ul class=\"wp-block-list\">\n<li>D-vitamin<\/li>\n<\/ul>\n\n\n\n<p>Az egyik legfontosabb vitamin a csontok, az \u00edz\u00fcletek \u00e9s a fogak eg\u00e9szs\u00e9g\u00e9hez. Jav\u00edtja az olyan elemek, mint a kalcium \u00e9s a foszfor felsz\u00edv\u00f3d\u00e1s\u00e1t. T\u00e1mogatja az immunrendszert.<\/p>\n\n\n\n<ul class=\"wp-block-list\">\n<li>Cik\u00f3ria kivonat<\/li>\n<\/ul>\n\n\n\n<div class=\"wp-block-media-text alignwide is-stacked-on-mobile\" style=\"grid-template-columns:32% auto\"><figure class=\"wp-block-media-text__media\"><img decoding=\"async\" width=\"1024\" height=\"683\" src=\"https:\/\/honorata-skarbek.com\/wp-content\/uploads\/2023\/02\/Cykoria-Menozina-HS-1024x683.jpg\" alt=\"A Menosin term\u00e9szetes \u00f6sszetev\u0151ket tartalmaz\" class=\"wp-image-5061 size-full\" title=\"\" srcset=\"https:\/\/honorata-skarbek.com\/wp-content\/uploads\/2023\/02\/Cykoria-Menozina-HS-1024x683.jpg 1024w, https:\/\/honorata-skarbek.com\/wp-content\/uploads\/2023\/02\/Cykoria-Menozina-HS-300x200.jpg 300w, https:\/\/honorata-skarbek.com\/wp-content\/uploads\/2023\/02\/Cykoria-Menozina-HS-768x512.jpg 768w, https:\/\/honorata-skarbek.com\/wp-content\/uploads\/2023\/02\/Cykoria-Menozina-HS-18x12.jpg 18w, https:\/\/honorata-skarbek.com\/wp-content\/uploads\/2023\/02\/Cykoria-Menozina-HS.jpg 1200w\" sizes=\"(max-width: 1024px) 100vw, 1024px\" \/><\/figure><div class=\"wp-block-media-text__content\">\n<p>Term\u00e9szetes \u00f6sszetev\u0151, amely serkenti a belek hat\u00e9konyabb m\u0171k\u00f6d\u00e9s\u00e9t. Enyh\u00edti az em\u00e9szt\u00e9si zavarokat. Nagyon nagy mennyis\u00e9g\u0171 C-vitamint tartalmaz. Er\u0151s\u00edti az \u00e9rfalakat \u00e9s t\u00e1mogatja az immunrendszert.<\/p>\n<\/div><\/div>\n\n\n\n<ul class=\"wp-block-list\">\n<li>Ashwagandha<\/li>\n<\/ul>\n\n\n\n<p>\u00c1tfog\u00f3an er\u0151s\u00edti a szervezetet \u00e9s enyh\u00edti a menopauza t\u00fcneteit. Szab\u00e1lyozza a v\u00e9rnyom\u00e1st,<strong><a href=\"https:\/\/honorata-skarbek.com\/hu\/herbs-for-heart\/\" target=\"_blank\" data-type=\"post\" data-id=\"4959\" rel=\"noreferrer noopener\"> t\u00e1mogatja a sz\u00edv- \u00e9s \u00e9rrendszert<\/a><\/strong>. Fontos a hormonkezel\u00e9shez.<\/p>\n\n\n\n<ul class=\"wp-block-list\">\n<li>V\u00f6r\u00f6s l\u00f3here gy\u00f3gyn\u00f6v\u00e9ny kivonat<\/li>\n<\/ul>\n\n\n\n<p><strong><a href=\"https:\/\/honorata-skarbek.com\/hu\/nuvialab-meno\/\" target=\"_blank\" data-type=\"post\" data-id=\"4113\" rel=\"noreferrer noopener\">A hormontermel\u00e9st a k\u00edv\u00e1nt egyens\u00falyban tartja<\/a><\/strong>. Antioxid\u00e1ns hat\u00e1s\u00fa, \u00edgy felveszi a harcot a vesz\u00e9lyes szabad gy\u00f6k\u00f6kkel.<\/p>\n\n\n\n<ul class=\"wp-block-list\">\n<li>\u00c9desk\u00f6m\u00e9ny gy\u00f6k\u00e9r kivonat<\/li>\n<\/ul>\n\n\n\n<p>Jav\u00edtja az em\u00e9szt\u00e9st, szab\u00e1lyozza a b\u00e9lmozg\u00e1st. El\u0151seg\u00edti a felesleges v\u00edz kiv\u00e1laszt\u00e1s\u00e1t a szervezetb\u0151l. T\u00e1mogatja a fontos hormonok termel\u00e9s\u00e9t.<\/p>\n\n\n\n<ul class=\"wp-block-list\">\n<li>Sp\u00e1rga gy\u00f6k\u00e9r kivonat<\/li>\n<\/ul>\n\n\n\n<p>V\u00edzhajt\u00f3 hat\u00e1s\u00fa. J\u00f3t tesz a mem\u00f3ri\u00e1nak \u00e9s a magas koncentr\u00e1ci\u00f3nak.<\/p>\n\n\n\n<ul class=\"wp-block-list\">\n<li>Koml\u00f3toboz-kivonat<\/li>\n<\/ul>\n\n\n\n<p>Nyugtat\u00f3 hat\u00e1s\u00fa, jav\u00edtja az alv\u00e1s min\u0151s\u00e9g\u00e9t, k\u00fczd az \u00e1lmatlans\u00e1g ellen. Enyh\u00edti a f\u00e1radts\u00e1g hat\u00e1sait, er\u0151s\u00edt\u0151 hat\u00e1s\u00fa. Vissza\u00e1ll\u00edtja a j\u00f3 k\u00f6z\u00e9rzetet.<\/p>\n\n\n\n<ul class=\"wp-block-list\">\n<li>Lenmag kivonat<\/li>\n<\/ul>\n\n\n\n<p>Fito\u00f6sztrog\u00e9neket biztos\u00edt, \u00edgy az olyan t\u00fcnetek, mint a h\u0151hull\u00e1mok, a hideg izzad\u00e1s, az idegess\u00e9g \u00e9s a hangulatroml\u00e1s enyh\u00fclnek. Seg\u00edt abban is, hogy j\u00f3l aludjon.<\/p>\n\n\n\n<figure class=\"wp-block-table is-style-stripes\"><table class=\"has-background has-fixed-layout\" style=\"background-color:#d5ede2\"><tbody><tr><td>A gy\u00e1rt\u00f3 honlapja<\/td><td>\u25b6\ufe0f <a href=\"https:\/\/honorata-skarbek.com\/hu\/men\/\" target=\"_blank\" data-type=\"URL\" data-id=\"https:\/\/menozina.pl\/\" rel=\"noreferrer noopener nofollow\">www.Menozina.com<\/a><\/td><\/tr><tr><td>\u00c1r<\/td><td>\u2757 Prom\u00f3ci\u00f3<\/td><\/tr><tr><td>V\u00e9lem\u00e9nyek<\/td><td>\u2b50\u2b50\u2b50\u2b50\u2b50 5\/5<\/td><\/tr><tr><td>Szak\u00e9rt\u0151k \u00e1ltali \u00e9rt\u00e9kel\u00e9s<\/td><td>\ud83d\udc4d Aj\u00e1nlott term\u00e9k<\/td><\/tr><tr><td>\u00d6sszet\u00e9tel<\/td><td>\ud83c\udf3f <a href=\"https:\/\/honorata-skarbek.com\/hu\/men\/\" target=\"_blank\" data-type=\"URL\" data-id=\"https:\/\/menozina.pl\/\" rel=\"noreferrer noopener nofollow\">N\u00e9zze meg itt<\/a><\/td><\/tr><tr><td>Mell\u00e9khat\u00e1sok<\/td><td>\u274c Nem tal\u00e1lhat\u00f3<\/td><\/tr><tr><td>K\u00fclf\u00f6ldi sz\u00e1ll\u00edt\u00e1s lehet\u0151s\u00e9ge<\/td><td>\u2705 Igen<\/td><\/tr><tr><td>El\u00e9rhet\u0151s\u00e9g a gy\u00f3gyszert\u00e1rban<\/td><td>Nem<\/td><\/tr><\/tbody><\/table><\/figure>\n\n\n\n<h2 class=\"wp-block-heading\"><span class=\"ez-toc-section\" id=\"Jak_dziala_Menozina\"><\/span>Hogyan fejti ki hat\u00e1s\u00e1t a Menozina?<span class=\"ez-toc-section-end\"><\/span><\/h2>\n\n\n\n<ul class=\"wp-block-list\">\n<li>k\u00fczd a szervezetet t\u00e1mad\u00f3 szabad gy\u00f6k\u00f6k ellen<\/li>\n\n\n\n<li><strong><a href=\"https:\/\/honorata-skarbek.com\/hu\/urinofix\/\" target=\"_blank\" data-type=\"post\" data-id=\"5121\" rel=\"noreferrer noopener\">seg\u00edt a vizelet inkontinencia eset\u00e9n<\/a><\/strong><\/li>\n\n\n\n<li>elt\u00e1vol\u00edtja a menopauz\u00e1lis t\u00fcneteket<\/li>\n\n\n\n<li>t\u00e1mogatja az endokrin rendszert \u00e9s helyre\u00e1ll\u00edtja annak egyens\u00faly\u00e1t<\/li>\n\n\n\n<li><strong><a href=\"https:\/\/honorata-skarbek.com\/hu\/collixir\/\" target=\"_blank\" data-type=\"post\" data-id=\"4350\" rel=\"noreferrer noopener\">er\u0151s\u00edti a csontokat \u00e9s az \u00edz\u00fcleteket, jav\u00edtja a b\u0151r megjelen\u00e9s\u00e9t<\/a><\/strong><\/li>\n\n\n\n<li>j\u00f3t tesz a sz\u00edv- \u00e9s \u00e9rrendszeri, valamint az immunrendszernek.<\/li>\n\n\n\n<li>nyugtat, k\u00fczd az \u00e1lmatlans\u00e1g ellen<\/li>\n\n\n\n<li><strong><a href=\"https:\/\/honorata-skarbek.com\/hu\/meltamin\/\" target=\"_blank\" data-type=\"post\" data-id=\"4169\" rel=\"noreferrer noopener\">megk\u00f6nny\u00edti a s\u00falykontrollt<\/a><\/strong><\/li>\n<\/ul>\n\n\n\n<h2 class=\"wp-block-heading\"><span class=\"ez-toc-section\" id=\"Na_jakie_objawy_pomaga_Menozina\"><\/span>Milyen t\u00fcneteken seg\u00edt a Menozina?<span class=\"ez-toc-section-end\"><\/span><\/h2>\n\n\n\n<p>A Menozina a menopauza t\u00fcneteire szolg\u00e1l, \u00e9s b\u00e1r a menopauza lefoly\u00e1sa mindig egy\u00e9ni k\u00e9rd\u00e9s, sok t\u00fcnet minden n\u0151n\u00e9l hasonl\u00f3, els\u0151sorban az intenzit\u00e1suk \u00e9s az el\u0151fordul\u00e1suk gyakoris\u00e1ga v\u00e1ltozik. Ezek a leggyakoribb panaszok a menopauza alatt a k\u00f6vetkez\u0151k:<\/p>\n\n\n\n<div class=\"wp-block-media-text alignwide is-stacked-on-mobile\" style=\"grid-template-columns:49% auto\"><figure class=\"wp-block-media-text__media\"><img decoding=\"async\" width=\"1024\" height=\"683\" src=\"https:\/\/honorata-skarbek.com\/wp-content\/uploads\/2023\/02\/Menozina-HS-1-1024x683.jpg\" alt=\"A menosin lek\u00fczdi a menopauz\u00e1lis t\u00fcneteket\" class=\"wp-image-5062 size-full\" title=\"\" srcset=\"https:\/\/honorata-skarbek.com\/wp-content\/uploads\/2023\/02\/Menozina-HS-1-1024x683.jpg 1024w, https:\/\/honorata-skarbek.com\/wp-content\/uploads\/2023\/02\/Menozina-HS-1-300x200.jpg 300w, https:\/\/honorata-skarbek.com\/wp-content\/uploads\/2023\/02\/Menozina-HS-1-768x512.jpg 768w, https:\/\/honorata-skarbek.com\/wp-content\/uploads\/2023\/02\/Menozina-HS-1-18x12.jpg 18w, https:\/\/honorata-skarbek.com\/wp-content\/uploads\/2023\/02\/Menozina-HS-1.jpg 1200w\" sizes=\"(max-width: 1024px) 100vw, 1024px\" \/><\/figure><div class=\"wp-block-media-text__content\">\n<ul class=\"wp-block-list\">\n<li>h\u0151hull\u00e1mok \u00e9s hidegr\u00e1z\u00e1s<\/li>\n\n\n\n<li>zavar\u00f3 b\u0151rp\u00edr az arcon \u00e9s a testen<\/li>\n\n\n\n<li>sz\u00edvdobog\u00e1s \u00e9s a hozz\u00e1 kapcsol\u00f3d\u00f3 szorong\u00e1s<\/li>\n\n\n\n<li>sz\u00e9d\u00fcl\u00e9s \u00e9s fejf\u00e1j\u00e1s<\/li>\n\n\n\n<li>gyakori gyenges\u00e9g\u00e9rzet<\/li>\n\n\n\n<li>koncentr\u00e1ci\u00f3s \u00e9s mem\u00f3riaprobl\u00e9m\u00e1k<\/li>\n\n\n\n<li>depresszi\u00f3, szomor\u00fas\u00e1g, depressz\u00edv hangulat<\/li>\n\n\n\n<li>t\u00falzott ingerl\u00e9kenys\u00e9g<\/li>\n\n\n\n<li>alv\u00e1sprobl\u00e9m\u00e1k<\/li>\n\n\n\n<li>gyakran visszat\u00e9r\u0151 fert\u0151z\u00e9sek<\/li>\n\n\n\n<li>alacsony libid\u00f3, h\u00fcvelysz\u00e1razs\u00e1g<\/li>\n\n\n\n<li>stressz-h\u00fagy\u00fati inkontinencia<\/li>\n<\/ul>\n<\/div><\/div>\n\n\n\n<p>A Menozina kapszul\u00e1kkal gyeng\u00edtheti vagy teljesen megsz\u00fcntetheti ezeket a menopauz\u00e1lis t\u00fcneteket. A kieg\u00e9sz\u00edt\u00e9s gyorsan hat, \u00e9s lehet\u0151v\u00e9 teszi, hogy visszanyerje az ir\u00e1ny\u00edt\u00e1st a teste felett. A kapszul\u00e1k szed\u00e9s\u00e9vel v\u00e9gre visszat\u00e9rhet a mindennapi tev\u00e9kenys\u00e9gekhez an\u00e9lk\u00fcl, hogy a kellemetlen betegs\u00e9gek ism\u00e9t \u00fatban lenn\u00e9nek.<\/p>\n\n\n\n<h2 class=\"wp-block-heading\"><span class=\"ez-toc-section\" id=\"Czy_Menozina_to_bezpieczny_suplement\"><\/span>A Menozina biztons\u00e1gos kieg\u00e9sz\u00edt\u0151?<span class=\"ez-toc-section-end\"><\/span><\/h2>\n\n\n\n<p>A Menozina \u00f6sszet\u00e9tele gazdag, de minden \u00f6sszetev\u0151 term\u00e9szetes eredet\u0171, vitaminokkal \u00e9s \u00e1sv\u00e1nyi anyagokkal kieg\u00e9sz\u00edtve. A hat\u00f3anyagok d\u00f3zisai magasak, hogy biztos\u00edts\u00e1k a k\u00edv\u00e1nt hat\u00e9konys\u00e1got, de m\u00e9g mindig nem haladj\u00e1k meg az aj\u00e1nlott szabv\u00e1nyokat, \u00edgy a kapszul\u00e1k mell\u00e9khat\u00e1sokt\u00f3l val\u00f3 f\u00e9lelem n\u00e9lk\u00fcl szedhet\u0151k. Ha a szervezetb\u0151l b\u00e1rmilyen k\u00e1ros reakci\u00f3 jelentkezik, az alapvet\u0151en csak a helytelen adagol\u00e1ssal t\u00f6rt\u00e9nik.<\/p>\n\n\n\n<p>Fontos azonban, hogy el\u0151zetesen olvassa el a betegt\u00e1j\u00e9koztat\u00f3t, hogy megbizonyosodhasson arr\u00f3l, hogy a kezel\u00e9s megfelel\u0151. A Menozina kapszula nem alkalmazhat\u00f3, ha \u00d6n allergi\u00e1s a felsorolt \u00f6sszetev\u0151kre. Nem alkalmas terhes n\u0151knek vagy r\u00e1kos betegeknek. A tablett\u00e1k sz\u00e1mos gy\u00f3gyszerrel kombin\u00e1lhat\u00f3k, de nem lehetnek alv\u00e1sjav\u00edt\u00f3, nyugtat\u00f3 vagy epilepsziaellenes hat\u00e1s\u00fa k\u00e9sz\u00edtm\u00e9nyek. Ha a kieg\u00e9sz\u00edt\u0151t m\u00e1s gy\u00f3gyszeres kezel\u00e9s mellett kell szedni, tan\u00e1csos konzult\u00e1lni kezel\u0151orvos\u00e1val.<\/p>\n\n\n\n<h2 class=\"wp-block-heading\"><span class=\"ez-toc-section\" id=\"Jak_stosowac_suplement_Menozina\"><\/span>Hogyan kell haszn\u00e1lni a Menozina kieg\u00e9sz\u00edt\u0151t?<span class=\"ez-toc-section-end\"><\/span><\/h2>\n\n\n\n<p>A kapszul\u00e1kat naponta k\u00e9tszer kell bevenni, mindig egy-egy kapszul\u00e1t, amelyet azt\u00e1n v\u00edzzel elkortyolunk. A kieg\u00e9sz\u00edt\u00e9s m\u00e1r tartalmaz vitaminokat \u00e9s \u00e1sv\u00e1nyi anyagokat, \u00edgy nincs sz\u00fcks\u00e9g tov\u00e1bbi er\u0151s\u00edt\u0151 k\u00e9sz\u00edtm\u00e9nyek szed\u00e9s\u00e9re. A Menozina c\u00e9lszer\u0171 hossz\u00fa t\u00e1von szedni, am\u00edg a menopauza minden kellemetlens\u00e9ge nem enyh\u00fcl.<\/p>\n\n\n\n<h2 class=\"wp-block-heading\"><span class=\"ez-toc-section\" id=\"Czy_Menozina_jest_skuteczna\"><\/span>A Menozina hat\u00e9kony?<span class=\"ez-toc-section-end\"><\/span><\/h2>\n\n\n\n<p>A Menozina gazdag formul\u00e1ja garancia arra, hogy a kieg\u00e9sz\u00edt\u0151 minden esetben m\u0171k\u00f6dni fog, m\u00e9g akkor is, ha a menopauza t\u00fcnetei nagyon s\u00falyosak. A t\u00e1pl\u00e1l\u00e9kkieg\u00e9sz\u00edt\u0151 olyan vitaminokat biztos\u00edt, amelyek er\u0151s\u00edtik a szervezetet \u00e9s felgyors\u00edtj\u00e1k annak regener\u00e1l\u00f3d\u00e1s\u00e1t. M\u00e1s \u00f6sszetev\u0151k lehet\u0151v\u00e9 teszik, hogy megnyugodjon \u00e9s visszat\u00e9rjen az optim\u00e1lis form\u00e1j\u00e1hoz.<\/p>\n\n\n\n<h2 class=\"wp-block-heading\"><span class=\"ez-toc-section\" id=\"Menozina_Opinie\"><\/span>Menozina v\u00e9lem\u00e9nyek<span class=\"ez-toc-section-end\"><\/span><\/h2>\n\n\n\n<h3 class=\"wp-block-heading\"><span class=\"ez-toc-section\" id=\"Jakie_sa_opinie_o_tabletkach_Menozina\"><\/span>Mi a v\u00e9lem\u00e9ny a Menozina tablett\u00e1kr\u00f3l?<span class=\"ez-toc-section-end\"><\/span><\/h3>\n\n\n\n<blockquote class=\"wp-block-quote is-layout-flow wp-block-quote-is-layout-flow\">\n<p>\"Any\u00e1m nagyon rosszul viselte a menopauz\u00e1t, \u00e9s att\u00f3l tartottam, hogy velem is \u00edgy lesz. Azonban gyorsan megrendeltem a Menozina kapszul\u00e1t, \u00e9s amint elkezdtem szedni, a menopauza gyakorlatilag \u00e9szrev\u00e9tlen\u00fcl elm\u00falt. A h\u0151hull\u00e1mok elt\u0171ntek, \u00e9s az alv\u00e1som olyan j\u00f3, mint valaha. Nagyszer\u0171 term\u00e9k, amely m\u00e9g egy ideig velem marad.\"<\/p>\n<\/blockquote>\n\n\n\n<blockquote class=\"wp-block-quote is-layout-flow wp-block-quote-is-layout-flow\">\n<p>\"Kor\u00e1bban szedtem n\u00e9h\u00e1ny menopauza-tablett\u00e1t, de ezek csak kis m\u00e9rt\u00e9kben seg\u00edtettek. A t\u00fcneteim s\u00falyosan s\u00falyosbodtak, \u00e9s ez nagyon rossz hat\u00e1ssal volt a k\u00f6z\u00e9rzetemre. A Menozina tablett\u00e1t egy bar\u00e1tn\u0151mt\u0151l kaptam, mert \u0151 is szedte, \u00e9s nagyon dics\u00e9rte. Nekem is volt javul\u00e1s. Jobban alszom a kapszul\u00e1k szed\u00e9se ut\u00e1n, nem ideges\u00edt semmi, \u00e9s nem tapasztalok h\u0151hull\u00e1mokat.\"<\/p>\n<\/blockquote>\n\n\n\n<blockquote class=\"wp-block-quote is-layout-flow wp-block-quote-is-layout-flow\">\n<p>\"A menopauza viszonylag kor\u00e1n j\u00f6tt sz\u00e1momra, \u00e9s m\u00e9g nem voltam el\u00e9gg\u00e9 felk\u00e9sz\u00fclve r\u00e1. Nem viseltem t\u00fal j\u00f3l, mert val\u00f3sz\u00edn\u0171leg minden lehets\u00e9ges t\u00fcnetem megvolt. M\u00e9g a szex is rosszabb lett, \u00e9s teljesen elment a kedvem t\u0151le. V\u00e9gre megtal\u00e1ltam a Menozina kieg\u00e9sz\u00edt\u00e9st. Vettem egy csomagot pr\u00f3bak\u00e9ppen, most m\u00e1r egy nagyobb csomagot rendeltem, annyira el\u00e9gedett vagyok a hat\u00e1s\u00e1val.\"<\/p>\n<\/blockquote>\n\n\n<div class=\"wp-block-image\">\n<figure class=\"aligncenter size-large is-resized\"><img decoding=\"async\" width=\"1024\" height=\"683\" src=\"https:\/\/honorata-skarbek.com\/wp-content\/uploads\/2023\/02\/Menozina-HS-2-1024x683.jpg\" alt=\"A Menozine csak pozit\u00edv \u00e9rt\u00e9kel\u00e9seket kapott a n\u0151k k\u00f6r\u00e9ben\" class=\"wp-image-5064\" style=\"width:532px;height:354px\" title=\"\" srcset=\"https:\/\/honorata-skarbek.com\/wp-content\/uploads\/2023\/02\/Menozina-HS-2-1024x683.jpg 1024w, https:\/\/honorata-skarbek.com\/wp-content\/uploads\/2023\/02\/Menozina-HS-2-300x200.jpg 300w, https:\/\/honorata-skarbek.com\/wp-content\/uploads\/2023\/02\/Menozina-HS-2-768x512.jpg 768w, https:\/\/honorata-skarbek.com\/wp-content\/uploads\/2023\/02\/Menozina-HS-2-18x12.jpg 18w, https:\/\/honorata-skarbek.com\/wp-content\/uploads\/2023\/02\/Menozina-HS-2.jpg 1200w\" sizes=\"(max-width: 1024px) 100vw, 1024px\" \/><\/figure>\n<\/div>\n\n\n<h2 class=\"wp-block-heading\"><span class=\"ez-toc-section\" id=\"Czy_Menozina_moze_wyleczyc_menopauze\"><\/span>Gy\u00f3gy\u00edthatja-e a Menozina a menopauz\u00e1t?<span class=\"ez-toc-section-end\"><\/span><\/h2>\n\n\n\n<p><a href=\"https:\/\/www.nia.nih.gov\/health\/what-menopause\" data-type=\"URL\" data-id=\"https:\/\/www.nia.nih.gov\/health\/what-menopause\" target=\"_blank\" rel=\"noreferrer noopener\">Menopauza <\/a>egy saj\u00e1tos \u00e9lettani \u00e1llapot, de nem betegs\u00e9g, \u00edgy nem is gy\u00f3gy\u00edthat\u00f3. A zavar\u00f3 t\u00fcneteket azonban meg lehet sz\u00fcntetni, amit a kieg\u00e9sz\u00edt\u00e9s biztos\u00edt. A tablett\u00e1kat \u00fagy \u00e1ll\u00edtott\u00e1k \u00f6ssze, hogy p\u00f3tolj\u00e1k a kulcsfontoss\u00e1g\u00fa mikrot\u00e1panyagok hi\u00e1ny\u00e1t. Ez er\u0151s\u00edti a szervezetet \u00e9s lass\u00edtja az \u00f6reged\u00e9st; a megel\u0151z\u0151 eg\u00e9szs\u00e9gmeg\u0151rz\u00e9s fontos eleme is - a Menozina seg\u00edt meg\u0151rizni a csontok \u00e9s \u00edz\u00fcletek eg\u00e9szs\u00e9g\u00e9t, v\u00e9d a l\u00e1t\u00e1sroml\u00e1s ellen \u00e9s n\u00f6veli a vasell\u00e1t\u00e1st.<\/p>\n\n\n\n<p>A Menozina egy olyan kieg\u00e9sz\u00edt\u0151, amely j\u00f3 alternat\u00edv\u00e1ja lehet a hormonp\u00f3tl\u00f3 ter\u00e1pi\u00e1nak. Bizonyos esetekben sz\u00fcks\u00e9g van r\u00e1, de gyakran helyettes\u00edthet\u0151 k\u00edm\u00e9letesebb, n\u00f6v\u00e9nyi kieg\u00e9sz\u00edt\u0151kkel, amelyek hasonl\u00f3 hat\u00e1ssal rendelkeznek, de nemk\u00edv\u00e1natos mell\u00e9khat\u00e1sok n\u00e9lk\u00fcl. A menopauza tabletta szed\u00e9se nem j\u00e1r azokkal a sz\u00f6v\u0151dm\u00e9nyekkel, amelyek az er\u0151s hormon\u00e1lis gy\u00f3gyszerek szed\u00e9se ut\u00e1n jelentkezhetnek.<\/p>\n\n\n\n<p>A tablett\u00e1k v\u00e9ny n\u00e9lk\u00fcl kaphat\u00f3k. A t\u00e1pl\u00e1l\u00e9kkieg\u00e9sz\u00edt\u00e9s megkezd\u00e9se el\u0151tt konzult\u00e1lhat orvos\u00e1val, de eg\u00e9szs\u00e9g\u00fcgyi probl\u00e9m\u00e1k hi\u00e1ny\u00e1ban \u00e9s ha nem szed gy\u00f3gyszert, az orvosi konzult\u00e1ci\u00f3 nem k\u00f6telez\u0151. A Menozina is jobb, mint m\u00e1s, egyetlen \u00f6sszetev\u0151b\u0151l vagy vitaminb\u00f3l \u00e1ll\u00f3 n\u00f6v\u00e9nyi k\u00e9sz\u00edtm\u00e9nyek - itt t\u00f6bb van bel\u0151l\u00fck, \u00edgy tov\u00e1bb fokozz\u00e1k hat\u00e1sukat, ami n\u00f6veli a hat\u00e9konys\u00e1got.<\/p>\n\n\n\n<h2 class=\"wp-block-heading\"><span class=\"ez-toc-section\" id=\"Dla_kogo_jest_Menozina\"><\/span>Kinek sz\u00f3l a Menozina?<span class=\"ez-toc-section-end\"><\/span><\/h2>\n\n\n\n<div class=\"wp-block-media-text alignwide is-stacked-on-mobile\" style=\"grid-template-columns:39% auto\"><figure class=\"wp-block-media-text__media\"><a href=\"https:\/\/honorata-skarbek.com\/hu\/men\/\" target=\"_blank\" rel=\"noreferrer noopener\"><img decoding=\"async\" width=\"532\" height=\"469\" src=\"https:\/\/honorata-skarbek.com\/wp-content\/uploads\/2023\/02\/Menozina.png\" alt=\"A Menozine a menopauza kieg\u00e9sz\u00edt\u0151je\" class=\"wp-image-5053 size-full\" title=\"\" srcset=\"https:\/\/honorata-skarbek.com\/wp-content\/uploads\/2023\/02\/Menozina.png 532w, https:\/\/honorata-skarbek.com\/wp-content\/uploads\/2023\/02\/Menozina-300x264.png 300w, https:\/\/honorata-skarbek.com\/wp-content\/uploads\/2023\/02\/Menozina-14x12.png 14w\" sizes=\"(max-width: 532px) 100vw, 532px\" \/><\/a><\/figure><div class=\"wp-block-media-text__content\">\n<p>A Menozina kiz\u00e1r\u00f3lag n\u0151k sz\u00e1m\u00e1ra k\u00e9sz\u00fclt. Szed\u00e9se a menopauza els\u0151 t\u00fcnetein\u00e9l aj\u00e1nlott, de a kieg\u00e9sz\u00edt\u0151nek ezekben a k\u00e9s\u0151bbi szakaszokban, a panaszok fokoz\u00f3d\u00e1sa eset\u00e9n is seg\u00edtenie kell. T\u00f6bb h\u00f3napon kereszt\u00fcl megszak\u00edt\u00e1s n\u00e9lk\u00fcl szedhet\u0151, b\u00e1r ekkor tan\u00e1csos orvoshoz fordulni.<\/p>\n<\/div><\/div>\n\n\n\n<div class=\"wp-block-buttons is-content-justification-center is-layout-flex wp-container-core-buttons-is-layout-16018d1d wp-block-buttons-is-layout-flex\">\n<div class=\"wp-block-button has-custom-width wp-block-button__width-75 has-custom-font-size has-medium-font-size\"><a class=\"wp-block-button__link has-blush-bordeaux-gradient-background has-background wp-element-button\" href=\"https:\/\/honorata-skarbek.com\/hu\/men\/\" target=\"_blank\" rel=\"noreferrer noopener\">V\u00c1S\u00c1RL\u00c1S<\/a><\/div>\n<\/div>\n\n\n\n<p>A menopauza 45-50 \u00e9ves kor k\u00f6r\u00fcl kezd\u0151dik, \u00e9s legal\u00e1bb n\u00e9h\u00e1ny \u00e9vig tart, \u00e9s az ez id\u0151 alatt bek\u00f6vetkez\u0151 v\u00e1ltoz\u00e1sok nagyon gyorsak. A probl\u00e9ma nemcsak a hangulatroml\u00e1s \u00e9s a h\u0151hull\u00e1mok, hanem az ingerl\u00e9kenys\u00e9g, az eg\u00e9szs\u00e9g l\u00e1that\u00f3 roml\u00e1sa \u00e9s a b\u0151r gyorsabb \u00f6reged\u00e9se is. A Menozina seg\u00edts\u00e9g\u00e9vel lelass\u00edthatja ezt a folyamatot, \u00e9s a lehet\u0151 legf\u00e1jdalommentesebben \u00e1tv\u00e9szelheti a menopauz\u00e1t.<\/p>\n\n\n\n<h2 class=\"wp-block-heading\"><span class=\"ez-toc-section\" id=\"Pytania_i_odpowiedzi\"><\/span>K\u00e9rd\u00e9sek \u00e9s v\u00e1laszok<span class=\"ez-toc-section-end\"><\/span><\/h2>\n\n\n<div id=\"rank-math-faq\" class=\"rank-math-block\">\n<div class=\"rank-math-list\">\n<div id=\"faq-question-1675858238053\" class=\"rank-math-list-item\">\n<h3 class=\"rank-math-question\"><span class=\"ez-toc-section\" id=\"Czym_jest_Menozina\"><\/span>Milyen t\u00edpus\u00fa gy\u00f3gyszer a Menozina?<span class=\"ez-toc-section-end\"><\/span><\/h3>\n<div class=\"rank-math-answer\">\n\n<p>A Menozina vitaminokon \u00e9s \u00e1sv\u00e1nyi anyagokon alapul\u00f3 tablett\u00e1k. Seg\u00edtenek abban, hogy jobban \u00e1tv\u00e9szelje a menopauz\u00e1t, \u00e9s elker\u00fclje a vele j\u00e1r\u00f3 legkellemetlenebb t\u00fcneteket. A tablett\u00e1k gy\u00f3gyn\u00f6v\u00e9nykivonatokat is tartalmaznak a szervezet \u00e1llapot\u00e1nak jav\u00edt\u00e1sa \u00e9rdek\u00e9ben, k\u00fcl\u00f6n\u00f6sen a v\u00e1z-\u00edz\u00fcleti \u00e9s a sz\u00edv- \u00e9s \u00e9rrendszer ter\u00fclet\u00e9n.<\/p>\n\n<\/div>\n<\/div>\n<div id=\"faq-question-1675858243251\" class=\"rank-math-list-item\">\n<h3 class=\"rank-math-question\"><span class=\"ez-toc-section\" id=\"Jak_wyglada_kuracja_z_tabletkami_Menozina\"><\/span>Milyen a Menozina tablett\u00e1val t\u00f6rt\u00e9n\u0151 kezel\u00e9s?<span class=\"ez-toc-section-end\"><\/span><\/h3>\n<div class=\"rank-math-answer\">\n\n<p>A p\u00f3tl\u00e1st szigor\u00faan a betegt\u00e1j\u00e9koztat\u00f3ban szerepl\u0151 utas\u00edt\u00e1soknak megfelel\u0151en kell v\u00e9gezni. Ne n\u00f6velje a k\u00e9sz\u00edtm\u00e9ny adagj\u00e1t, \u00e9s a kezel\u00e9s megkezd\u00e9se el\u0151tt ellen\u0151rizze az ellenjavallatok list\u00e1j\u00e1t.<\/p>\n\n<\/div>\n<\/div>\n<div id=\"faq-question-1675858251079\" class=\"rank-math-list-item\">\n<h3 class=\"rank-math-question\"><span class=\"ez-toc-section\" id=\"Czy_Menozina_jest_na_recepte\"><\/span>A Menozina v\u00e9nyk\u00f6teles?<span class=\"ez-toc-section-end\"><\/span><\/h3>\n<div class=\"rank-math-answer\">\n\n<p>Term\u00e9szetes \u00e9trend-kieg\u00e9sz\u00edt\u0151k\u00e9nt a Menozina nem v\u00e9nyk\u00f6teles, \u00e9s nem sz\u00fcks\u00e9ges orvoshoz fordulni, kiv\u00e9ve s\u00falyos betegs\u00e9gben \u00e9s gy\u00f3gyszeres kezel\u00e9s alatt.<\/p>\n\n<\/div>\n<\/div>\n<div id=\"faq-question-1675858261113\" class=\"rank-math-list-item\">\n<h3 class=\"rank-math-question\"><span class=\"ez-toc-section\" id=\"Czy_po_kapsulkach_na_menopauze_wystepuja_skutki_uboczne\"><\/span>Vannak mell\u00e9khat\u00e1sok a menopauza kapszula ut\u00e1n?<span class=\"ez-toc-section-end\"><\/span><\/h3>\n<div class=\"rank-math-answer\">\n\n<p>A Menozina nincsenek mell\u00e9khat\u00e1sai. Biztons\u00e1gos az eg\u00e9szs\u00e9gre, de csak az aj\u00e1nlott adagokban. Az eg\u00e9sz kieg\u00e9sz\u00edt\u00e9st alaposan tesztelt\u00e9k, \u00edgy ismert, hogy nincs negat\u00edv hat\u00e1sa a hormon\u00e1lis egyens\u00falyra vagy a bels\u0151 szervek m\u0171k\u00f6d\u00e9s\u00e9re.<\/p>\n\n<\/div>\n<\/div>\n<div id=\"faq-question-1675858275416\" class=\"rank-math-list-item\">\n<h3 class=\"rank-math-question\"><span class=\"ez-toc-section\" id=\"Dla_kogo_jest_Menozina-2\"><\/span>Kinek sz\u00f3l a Menozina?<span class=\"ez-toc-section-end\"><\/span><\/h3>\n<div class=\"rank-math-answer\">\n\n<p>A Menozina kiz\u00e1r\u00f3lag n\u0151k sz\u00e1m\u00e1ra k\u00e9sz\u00fclt kieg\u00e9sz\u00edt\u0151. A menopauza alatt kell szedni, k\u00fcl\u00f6n\u00f6sen akkor, ha a menopauza kellemetlen t\u00fcnetekkel j\u00e1r.<\/p>\n\n<\/div>\n<\/div>\n<\/div>\n<\/div>","protected":false},"excerpt":{"rendered":"<p>A Menozine egy kapszula, amely seg\u00edt elviselhet\u0151bb\u00e9 tenni a menopauza id\u0151szak\u00e1t, \u00e9s megszabadulni a kellemetlen t\u00fcnetekt\u0151l, amelyek ebben a k\u00fcl\u00f6nleges id\u0151szakban jelentkeznek. A term\u00e9k \u00e1r\u00e1t \u00e9s \u00e9rt\u00e9kel\u00e9s\u00e9t az al\u00e1bbi cikkben tal\u00e1lja. A n\u0151k t\u00f6bbs\u00e9ge kellemetlen\u00fcl \u00e9li meg a menopauz\u00e1t, \u00e9s a kellemetlens\u00e9gek annyira zavar\u00f3ak lehetnek, hogy zavarj\u00e1k a norm\u00e1l napi tev\u00e9kenys\u00e9geket. A gy\u00f3gyszeres kezel\u00e9s nem mindig a megfelel\u0151 megold\u00e1s, de a Menozina ... <a title=\"Menozina \u00e1r - v\u00e9lem\u00e9nyek, \u00f6sszet\u00e9tel, hat\u00e1sok, hat\u00e1s, akci\u00f3, hol lehet megv\u00e1s\u00e1rolni, mennyibe ker\u00fcl, f\u00f3rum\" class=\"read-more\" href=\"https:\/\/honorata-skarbek.com\/hu\/menozina\/\" aria-label=\"Tov\u00e1bb Menozina \u00c1r - V\u00e9lem\u00e9nyek, \u00f6sszet\u00e9tel, hat\u00e1s, hat\u00e1s, hat\u00e1s, hol lehet megv\u00e1s\u00e1rolni, mennyibe ker\u00fcl, f\u00f3rum\">Olvass tov\u00e1bb<\/a><\/p>","protected":false},"author":2,"featured_media":5053,"comment_status":"open","ping_status":"open","sticky":false,"template":"","format":"standard","meta":{"footnotes":""},"categories":[21],"tags":[574,575,576],"class_list":["post-5051","post","type-post","status-publish","format-standard","has-post-thumbnail","hentry","category-zdrowie","tag-menozina-cena","tag-menozina-opinie","tag-menozina-sklad"],"_links":{"self":[{"href":"https:\/\/honorata-skarbek.com\/hu\/wp-json\/wp\/v2\/posts\/5051","targetHints":{"allow":["GET"]}}],"collection":[{"href":"https:\/\/honorata-skarbek.com\/hu\/wp-json\/wp\/v2\/posts"}],"about":[{"href":"https:\/\/honorata-skarbek.com\/hu\/wp-json\/wp\/v2\/types\/post"}],"author":[{"embeddable":true,"href":"https:\/\/honorata-skarbek.com\/hu\/wp-json\/wp\/v2\/users\/2"}],"replies":[{"embeddable":true,"href":"https:\/\/honorata-skarbek.com\/hu\/wp-json\/wp\/v2\/comments?post=5051"}],"version-history":[{"count":0,"href":"https:\/\/honorata-skarbek.com\/hu\/wp-json\/wp\/v2\/posts\/5051\/revisions"}],"wp:featuredmedia":[{"embeddable":true,"href":"https:\/\/honorata-skarbek.com\/hu\/wp-json\/wp\/v2\/media\/5053"}],"wp:attachment":[{"href":"https:\/\/honorata-skarbek.com\/hu\/wp-json\/wp\/v2\/media?parent=5051"}],"wp:term":[{"taxonomy":"category","embeddable":true,"href":"https:\/\/honorata-skarbek.com\/hu\/wp-json\/wp\/v2\/categories?post=5051"},{"taxonomy":"post_tag","embeddable":true,"href":"https:\/\/honorata-skarbek.com\/hu\/wp-json\/wp\/v2\/tags?post=5051"}],"curies":[{"name":"wp","href":"https:\/\/api.w.org\/{rel}","templated":true}]}}