{"id":5353,"date":"2024-08-04T08:37:47","date_gmt":"2024-08-04T08:37:47","guid":{"rendered":"https:\/\/honorata-skarbek.com\/?p=5353"},"modified":"2024-09-26T10:01:41","modified_gmt":"2024-09-26T10:01:41","slug":"problemas-de-audicao","status":"publish","type":"post","link":"https:\/\/honorata-skarbek.com\/pt\/problemas-de-audicao\/","title":{"rendered":"Problemas auditivos - Como combater a perda de audi\u00e7\u00e3o e o zumbido"},"content":{"rendered":"<div id=\"ez-toc-container\" class=\"ez-toc-v2_0_82_2 counter-hierarchy ez-toc-counter ez-toc-light-blue ez-toc-container-direction\">\n<p class=\"ez-toc-title\" style=\"cursor:inherit\">\u00cdndice<\/p>\n<label for=\"ez-toc-cssicon-toggle-item-69f346d778d15\" class=\"ez-toc-cssicon-toggle-label\"><span class=\"\"><span class=\"eztoc-hide\" style=\"display:none;\">Alternar<\/span><span class=\"ez-toc-icon-toggle-span\"><svg style=\"fill: #999;color:#999\" xmlns=\"http:\/\/www.w3.org\/2000\/svg\" class=\"list-377408\" width=\"20px\" height=\"20px\" viewbox=\"0 0 24 24\" fill=\"none\"><path d=\"M6 6H4v2h2V6zm14 0H8v2h12V6zM4 11h2v2H4v-2zm16 0H8v2h12v-2zM4 16h2v2H4v-2zm16 0H8v2h12v-2z\" fill=\"currentColor\"><\/path><\/svg><svg style=\"fill: #999;color:#999\" class=\"arrow-unsorted-368013\" xmlns=\"http:\/\/www.w3.org\/2000\/svg\" width=\"10px\" height=\"10px\" viewbox=\"0 0 24 24\" version=\"1.2\" baseprofile=\"tiny\"><path d=\"M18.2 9.3l-6.2-6.3-6.2 6.3c-.2.2-.3.4-.3.7s.1.5.3.7c.2.2.4.3.7.3h11c.3 0 .5-.1.7-.3.2-.2.3-.5.3-.7s-.1-.5-.3-.7zM5.8 14.7l6.2 6.3 6.2-6.3c.2-.2.3-.5.3-.7s-.1-.5-.3-.7c-.2-.2-.4-.3-.7-.3h-11c-.3 0-.5.1-.7.3-.2.2-.3.5-.3.7s.1.5.3.7z\"\/><\/svg><\/span><\/span><\/label><input type=\"checkbox\"  id=\"ez-toc-cssicon-toggle-item-69f346d778d15\" checked aria-label=\"Alternar\" \/><nav><ul class='ez-toc-list ez-toc-list-level-1' ><li class='ez-toc-page-1 ez-toc-heading-level-2'><a class=\"ez-toc-link ez-toc-heading-1\" href=\"https:\/\/honorata-skarbek.com\/pt\/problemas-de-audicao\/#Co_wywoluje_niedosluch\" >O que causa a perda de audi\u00e7\u00e3o?<\/a><\/li><li class='ez-toc-page-1 ez-toc-heading-level-2'><a class=\"ez-toc-link ez-toc-heading-2\" href=\"https:\/\/honorata-skarbek.com\/pt\/problemas-de-audicao\/#Czy_niedosluch_jest_tylko_w_starszym_wieku\" >A perda de audi\u00e7\u00e3o \u00e9 apenas na velhice?<\/a><\/li><li class='ez-toc-page-1 ez-toc-heading-level-2'><a class=\"ez-toc-link ez-toc-heading-3\" href=\"https:\/\/honorata-skarbek.com\/pt\/problemas-de-audicao\/#Jak_to_sie_dzieje_ze_slyszymy\" >Como \u00e9 que se ouve?<\/a><\/li><li class='ez-toc-page-1 ez-toc-heading-level-2'><a class=\"ez-toc-link ez-toc-heading-4\" href=\"https:\/\/honorata-skarbek.com\/pt\/problemas-de-audicao\/#Skad_bierze_sie_nagla_gluchota\" >De onde vem a surdez s\u00fabita?<\/a><\/li><li class='ez-toc-page-1 ez-toc-heading-level-2'><a class=\"ez-toc-link ez-toc-heading-5\" href=\"https:\/\/honorata-skarbek.com\/pt\/problemas-de-audicao\/#Rodzaje_i_stopnie_niedosluchu\" >Tipos e graus de perda de audi\u00e7\u00e3o<\/a><\/li><li class='ez-toc-page-1 ez-toc-heading-level-2'><a class=\"ez-toc-link ez-toc-heading-6\" href=\"https:\/\/honorata-skarbek.com\/pt\/problemas-de-audicao\/#Czym_sa_szumy_uszne\" >O que \u00e9 o tinnitus?<\/a><\/li><li class='ez-toc-page-1 ez-toc-heading-level-2'><a class=\"ez-toc-link ez-toc-heading-7\" href=\"https:\/\/honorata-skarbek.com\/pt\/problemas-de-audicao\/#Czy_mozna_zapobiec_niedosluchowi\" >A perda de audi\u00e7\u00e3o pode ser evitada?<\/a><\/li><li class='ez-toc-page-1 ez-toc-heading-level-2'><a class=\"ez-toc-link ez-toc-heading-8\" href=\"https:\/\/honorata-skarbek.com\/pt\/problemas-de-audicao\/#Czy_problemy_ze_sluchem_sa_uleczalne\" >Os problemas auditivos s\u00e3o trat\u00e1veis?<\/a><\/li><li class='ez-toc-page-1 ez-toc-heading-level-2'><a class=\"ez-toc-link ez-toc-heading-9\" href=\"https:\/\/honorata-skarbek.com\/pt\/problemas-de-audicao\/#Jak_leczony_jest_niedosluch\" >Como \u00e9 tratada a perda auditiva?<\/a><\/li><li class='ez-toc-page-1 ez-toc-heading-level-2'><a class=\"ez-toc-link ez-toc-heading-10\" href=\"https:\/\/honorata-skarbek.com\/pt\/problemas-de-audicao\/#Jak_zbadac_czy_mam_niedosluch\" >Como testar se tenho uma perda auditiva?<\/a><\/li><li class='ez-toc-page-1 ez-toc-heading-level-2'><a class=\"ez-toc-link ez-toc-heading-11\" href=\"https:\/\/honorata-skarbek.com\/pt\/problemas-de-audicao\/#Co_daje_leczenie_sluchu\" >O que \u00e9 que o tratamento auditivo oferece?<\/a><\/li><\/ul><\/nav><\/div>\n\n<p><strong>Os problemas auditivos podem ser combatidos? A audi\u00e7\u00e3o \u00e9 um dos sentidos humanos b\u00e1sicos e mais importantes. Muitas vezes deteriora-se com a idade, por vezes ao ponto de um idoso j\u00e1 n\u00e3o poder ouvir de todo, ou pode experimentar surdez como resultado de les\u00e3o ou doen\u00e7a. Contudo, a perda de audi\u00e7\u00e3o n\u00e3o tem de ser uma consequ\u00eancia inevit\u00e1vel do envelhecimento, e uma interven\u00e7\u00e3o r\u00e1pida pode evitar estas piores consequ\u00eancias.<\/strong><\/p>\n\n\n\n<h2 class=\"wp-block-heading\"><span class=\"ez-toc-section\" id=\"Co_wywoluje_niedosluch\"><\/span>O que causa a perda de audi\u00e7\u00e3o?<span class=\"ez-toc-section-end\"><\/span><\/h2>\n\n\n\n<p>Algumas pessoas j\u00e1 nascem com perda auditiva ou est\u00e3o em maior risco de surdez senil devido a raz\u00f5es gen\u00e9ticas. Nesses casos, \u00e9 muito importante prevenir a perda de audi\u00e7\u00e3o e procurar ajuda rapidamente assim que os primeiros sinais de perda de audi\u00e7\u00e3o forem notados. Em crian\u00e7as e pessoas muito jovens, a perda de audi\u00e7\u00e3o est\u00e1 normalmente relacionada com estar em ambientes ruidosos - isto inclui n\u00e3o s\u00f3 viver numa grande cidade, mas tamb\u00e9m, entre outras coisas, ir \u00e0 escola onde \u00e9 muito barulhento, usar brinquedos ou jogos barulhentos, ouvir m\u00fasica nos auscultadores, ir a concertos ou a lugares com muita gente e barulhentos. A perda de audi\u00e7\u00e3o pode tamb\u00e9m ser uma consequ\u00eancia de uma hist\u00f3ria de infec\u00e7\u00e3o, como a otite m\u00e9dia.<\/p>\n\n\n\n<p>Leia tamb\u00e9m: <strong><a href=\"https:\/\/honorata-skarbek.com\/pt\/atinnuris\/\" target=\"_blank\" data-type=\"post\" data-id=\"3716\" rel=\"noreferrer noopener\">Atinnuris <\/a><\/strong>- Suplemento de Tinnitus.<\/p>\n\n\n\n<p>Um factor importante que afecta a qualidade auditiva \u00e9 o trabalho. Os regulamentos estabelecem que se as m\u00e1quinas n\u00e3o puderem ser silenciadas a um n\u00edvel aceit\u00e1vel, os trabalhadores devem dispor de protectores auditivos, mas isto nem sempre \u00e9 guardado ou apesar das salvaguardas ainda se est\u00e1 exposto a ru\u00eddos nocivos. A perda de audi\u00e7\u00e3o depende da intensidade e dura\u00e7\u00e3o do ru\u00eddo, embora mesmo a exposi\u00e7\u00e3o de curto prazo a ru\u00eddos altos possa levar a danos irrevers\u00edveis.<\/p>\n\n\n\n<p>O ru\u00eddo de impulso, tal como o som de um avi\u00e3o de baixo voo, tiros, fogo-de-artif\u00edcio, foguetes de sinaliza\u00e7\u00e3o, o arranque de uma m\u00e1quina barulhenta ou sirenes de alarme, \u00e9 tamb\u00e9m muito perigoso para a audi\u00e7\u00e3o. Muitas vezes os factores subestimados que afectam a audi\u00e7\u00e3o s\u00e3o doen\u00e7as de v\u00e1rios tipos, n\u00e3o s\u00f3 as sofridas durante a inf\u00e2ncia, mas tamb\u00e9m na idade adulta. Estas doen\u00e7as s\u00e3o principalmente infec\u00e7\u00f5es bacterianas e virais, mas tamb\u00e9m, por exemplo, diabetes, hipertens\u00e3o e aterosclerose, que perturbam o sistema circulat\u00f3rio e causam hipoxia no sistema auditivo, prejudicando o seu funcionamento normal.<\/p>\n\n\n\n<p>Experimente o novo suplemento recomendado para v\u00e1rios utilizadores <strong><a href=\"https:\/\/honorata-skarbek.com\/pt\/audiovico\/\" target=\"_blank\" data-type=\"post\" data-id=\"5875\" rel=\"noreferrer noopener\">Audiovico<\/a><\/strong>.<\/p>\n\n\n\n<h2 class=\"wp-block-heading\"><span class=\"ez-toc-section\" id=\"Czy_niedosluch_jest_tylko_w_starszym_wieku\"><\/span>A perda de audi\u00e7\u00e3o \u00e9 apenas na velhice?<span class=\"ez-toc-section-end\"><\/span><\/h2>\n\n\n\n<div class=\"wp-block-media-text alignwide is-stacked-on-mobile\" style=\"grid-template-columns:25% auto\"><figure class=\"wp-block-media-text__media\"><img decoding=\"async\" width=\"334\" height=\"442\" src=\"https:\/\/honorata-skarbek.com\/wp-content\/uploads\/2023\/03\/Problemy-ze-sluchem-HS.png\" alt=\"\" class=\"wp-image-5359 size-full\" title=\"\" srcset=\"https:\/\/honorata-skarbek.com\/wp-content\/uploads\/2023\/03\/Problemy-ze-sluchem-HS.png 334w, https:\/\/honorata-skarbek.com\/wp-content\/uploads\/2023\/03\/Problemy-ze-sluchem-HS-227x300.png 227w, https:\/\/honorata-skarbek.com\/wp-content\/uploads\/2023\/03\/Problemy-ze-sluchem-HS-9x12.png 9w\" sizes=\"(max-width: 334px) 100vw, 334px\" \/><\/figure><div class=\"wp-block-media-text__content\">\n<p>De acordo com dados da OMS, a maioria dos idosos com mais de 65 anos de idade sofrem de perda auditiva. A perda pode variar em gravidade, mas \u00e9 raro para uma pessoa de idade avan\u00e7ada ouvir t\u00e3o bem como quando era mais nova, enquanto a surdez senil pode afectar at\u00e9 10% da popula\u00e7\u00e3o com mais de 65 anos de idade. Mesmo uma ligeira perda auditiva pode significar uma qualidade de vida reduzida, e quanto maior for a perda auditiva, mais graves ser\u00e3o as consequ\u00eancias. Mesmo ao primeiro sinal de problemas auditivos, \u00e9 aconselh\u00e1vel procurar aconselhamento <strong><a href=\"https:\/\/honorata-skarbek.com\/pt\/ottomax\/\" target=\"_blank\" data-type=\"post\" data-id=\"2060\" rel=\"noreferrer noopener\">Ottomax+ suplemento<\/a><\/strong>.<\/p>\n<\/div><\/div>\n\n\n\n<p>Hoje em dia, os problemas auditivos s\u00e3o vistos em pessoas cada vez mais jovens e mesmo em crian\u00e7as. Manter uma audi\u00e7\u00e3o perfeita \u00e9 ainda mais dif\u00edcil hoje em dia, pois \u00e9 muito dif\u00edcil evitar o ru\u00eddo, que \u00e9 o que mais contribui para a surdez - a maioria das pessoas vive em cidades ruidosas, usa o telefone e os auscultadores, v\u00ea televis\u00e3o ou ouve r\u00e1dio. Os primeiros sinais de perda de audi\u00e7\u00e3o podem ser vistos j\u00e1 aos 30 anos de idade, mas s\u00e3o os mais idosos que ainda s\u00e3o os mais afectados.<\/p>\n\n\n\n<p><strong>Leia tamb\u00e9m: <a href=\"https:\/\/honorata-skarbek.com\/pt\/menozina\/\" target=\"_blank\" data-type=\"post\" data-id=\"5051\" rel=\"noreferrer noopener\">Menosina para a menopausa<\/a><\/strong><\/p>\n\n\n\n<h2 class=\"wp-block-heading\"><span class=\"ez-toc-section\" id=\"Jak_to_sie_dzieje_ze_slyszymy\"><\/span>Como \u00e9 que se ouve?<span class=\"ez-toc-section-end\"><\/span><\/h2>\n\n\n\n<p>O ouvido humano \u00e9 constitu\u00eddo por uma parte exterior, uma parte interm\u00e9dia e uma parte interior. As ondas sonoras viajam atrav\u00e9s do ouvido at\u00e9 ao c\u00e9rebro, onde s\u00e3o interpretadas, pelo que n\u00e3o \u00e9 apenas a condi\u00e7\u00e3o do pr\u00f3prio ouvido que \u00e9 importante para uma boa audi\u00e7\u00e3o, mas tamb\u00e9m uma condu\u00e7\u00e3o neural eficiente. As ondas sonoras captadas pelo ouvido externo fluem atrav\u00e9s do canal auditivo at\u00e9 ao t\u00edmpano e vibram-no. Estas vibra\u00e7\u00f5es activam os oss\u00edculos do ouvido m\u00e9dio, ou seja, o martelo, a bigorna e o estribo. Uma vez amplificado, o som viaja para a c\u00f3clea no ouvido interno.<\/p>\n\n\n\n<p>A c\u00f3clea est\u00e1 cheia de fluido em que os c\u00edlios das c\u00e9lulas auditivas se movem - o seu papel \u00e9 converter as ondas em impulsos que atingem o c\u00e9rebro. O \u00f3rg\u00e3o da audi\u00e7\u00e3o est\u00e1 t\u00e3o bem desenvolvido que uma pessoa pode facilmente perceber tanto sons silenciosos como ruidosos de diferentes frequ\u00eancias, e pode tamb\u00e9m ouvir espacialmente e selectivamente.<\/p>\n\n\n\n<h2 class=\"wp-block-heading\"><span class=\"ez-toc-section\" id=\"Skad_bierze_sie_nagla_gluchota\"><\/span>De onde vem a surdez s\u00fabita?<span class=\"ez-toc-section-end\"><\/span><\/h2>\n\n\n\n<p>Problemas auditivos como a surdez s\u00fabita, como o nome sugere, desenvolvem-se muito rapidamente, dentro de poucas horas. Por vezes \u00e9 vivido logo ap\u00f3s o acordar, quando de repente n\u00e3o se consegue ouvir num ou em ambos os ouvidos. De onde vem esta defici\u00eancia? Mais uma vez, v\u00e1rias causas podem ser distinguidas, mas na maioria das vezes \u00e9 o resultado de um trauma ou de um historial de doen\u00e7a e de tomar certos medicamentos. Por vezes a surdez desaparece se a causa do problema for eliminada, mas em muitos casos a audi\u00e7\u00e3o j\u00e1 n\u00e3o \u00e9 restaurada ou apenas minimamente.<\/p>\n\n\n\n<h2 class=\"wp-block-heading\"><span class=\"ez-toc-section\" id=\"Rodzaje_i_stopnie_niedosluchu\"><\/span>Tipos e graus de perda de audi\u00e7\u00e3o<span class=\"ez-toc-section-end\"><\/span><\/h2>\n\n\n\n<p>Existem v\u00e1rios tipos de perda de audi\u00e7\u00e3o. A perda auditiva condutiva envolve uma sensibilidade reduzida aos sons, o que na pr\u00e1tica significa que a pessoa afectada n\u00e3o ouve todas as palavras ditas pelas pessoas com precis\u00e3o e, passado algum tempo, come\u00e7a tamb\u00e9m a falar de forma t\u00e3o inexacta. Na perda auditiva neurossensorial, existe um limiar auditivo acentuadamente reduzido e uma falta de compreens\u00e3o da fala. O idoso tamb\u00e9m n\u00e3o capta bem os sons agudos no ambiente, o problema de audi\u00e7\u00e3o, bem como a <a href=\"https:\/\/honorata-skarbek.com\/pt\/urinofix\/\" target=\"_blank\" data-type=\"post\" data-id=\"5121\" rel=\"noreferrer noopener\">incontin\u00eancia urin\u00e1ria<\/a> Estas s\u00e3o as condi\u00e7\u00f5es mais comuns entre as pessoas idosas. Depois h\u00e1 a perda auditiva mista, que \u00e9 diagnosticada com mais frequ\u00eancia - aqui os sintomas de perda auditiva condutiva e neurossensorial s\u00e3o combinados.<\/p>\n\n\n<div class=\"wp-block-image\">\n<figure class=\"aligncenter size-large is-resized\"><img decoding=\"async\" src=\"https:\/\/honorata-skarbek.com\/wp-content\/uploads\/2023\/03\/Problemy-ze-sluchem-HS-1024x683.jpg\" alt=\"Investiga\u00e7\u00e3o de problemas auditivos\" class=\"wp-image-5364\" style=\"width:524px;height:349px\" width=\"524\" height=\"349\" title=\"\" srcset=\"https:\/\/honorata-skarbek.com\/wp-content\/uploads\/2023\/03\/Problemy-ze-sluchem-HS-1024x683.jpg 1024w, https:\/\/honorata-skarbek.com\/wp-content\/uploads\/2023\/03\/Problemy-ze-sluchem-HS-300x200.jpg 300w, https:\/\/honorata-skarbek.com\/wp-content\/uploads\/2023\/03\/Problemy-ze-sluchem-HS-768x512.jpg 768w, https:\/\/honorata-skarbek.com\/wp-content\/uploads\/2023\/03\/Problemy-ze-sluchem-HS-18x12.jpg 18w, https:\/\/honorata-skarbek.com\/wp-content\/uploads\/2023\/03\/Problemy-ze-sluchem-HS.jpg 1200w\" sizes=\"(max-width: 524px) 100vw, 524px\" \/><\/figure>\n<\/div>\n\n\n<p>O grau de perda de audi\u00e7\u00e3o \u00e9 determinado em decib\u00e9is e \u00e9 medido durante um exame m\u00e9dico utilizando um audi\u00f3metro cl\u00ednico. O teste determina o limiar abaixo do qual o paciente j\u00e1 n\u00e3o pode ouvir. Num estado normal, o ouvido humano percebe sons entre 0 e 120 dB. Com ligeira perda auditiva, o limite sobe para 20-40 dB. Com moderado j\u00e1 \u00e9 de 41-65 dB, e com grave \u00e9 t\u00e3o elevado como 65-90 dB. A condi\u00e7\u00e3o mais grave \u00e9 uma perda auditiva profunda, em que o limite \u00e9 superior a 91 dB - essa pessoa pode ouvir muito pouco e n\u00e3o pode continuar uma conversa sem um aparelho auditivo.<\/p>\n\n\n\n<h2 class=\"wp-block-heading\"><span class=\"ez-toc-section\" id=\"Czym_sa_szumy_uszne\"><\/span>O que \u00e9 o tinnitus?<span class=\"ez-toc-section-end\"><\/span><\/h2>\n\n\n\n<p>Outro problema de audi\u00e7\u00e3o \u00e9 o zumbido. Nem sempre anda de m\u00e3os dadas com a perda de audi\u00e7\u00e3o, mas na medida do poss\u00edvel as duas condi\u00e7\u00f5es podem ser combinadas. O tinnitus \u00e9 um som que o doente ouve, mas apenas na sua pr\u00f3pria cabe\u00e7a, uma vez que n\u00e3o prov\u00e9m de nenhuma fonte externa. Para al\u00e9m do zumbido, tamb\u00e9m pode ser zumbido, assobiar, bater, roncar, e se o ru\u00eddo persistir durante muito tempo, \u00e9 geralmente acompanhado de dor de cabe\u00e7a e irritabilidade.<\/p>\n\n\n\n<p>O tinido \u00e9 extremamente inc\u00f3modo e em quase todos os casos causa perturba\u00e7\u00f5es psicol\u00f3gicas - \u00e9 muito dif\u00edcil de eliminar e muitas vezes \u00e9 exacerbado quando se tenta descansar, o que torna muito dif\u00edcil adormecer e relaxar. O tinnitus pode ser tratado com suplementos para corrigir defici\u00eancias vitam\u00ednicas, e v\u00e1rias t\u00e9cnicas de relaxamento tamb\u00e9m s\u00e3o \u00fateis. Como o tinnitus est\u00e1 por vezes associado a v\u00e1rias doen\u00e7as, principalmente do sistema cardiovascular, vale a pena cuidar da press\u00e3o correcta, para o que recomendamos o seguinte <strong><a href=\"https:\/\/honorata-skarbek.com\/pt\/corsanum\/\" target=\"_blank\" data-type=\"post\" data-id=\"410\" rel=\"noreferrer noopener\">Corsanum<\/a><\/strong>. <\/p>\n\n\n\n<h2 class=\"wp-block-heading\"><span class=\"ez-toc-section\" id=\"Czy_mozna_zapobiec_niedosluchowi\"><\/span>A perda de audi\u00e7\u00e3o pode ser evitada?<span class=\"ez-toc-section-end\"><\/span><\/h2>\n\n\n<div class=\"wp-block-image\">\n<figure class=\"aligncenter size-large is-resized\"><img decoding=\"async\" src=\"https:\/\/honorata-skarbek.com\/wp-content\/uploads\/2023\/03\/Problemy-ze-sluchem-HS-1-1024x683.jpg\" alt=\"Problemas auditivos como cuidar da sua audi\u00e7\u00e3o\" class=\"wp-image-5369\" style=\"width:528px;height:351px\" width=\"528\" height=\"351\" title=\"\" srcset=\"https:\/\/honorata-skarbek.com\/wp-content\/uploads\/2023\/03\/Problemy-ze-sluchem-HS-1-1024x683.jpg 1024w, https:\/\/honorata-skarbek.com\/wp-content\/uploads\/2023\/03\/Problemy-ze-sluchem-HS-1-300x200.jpg 300w, https:\/\/honorata-skarbek.com\/wp-content\/uploads\/2023\/03\/Problemy-ze-sluchem-HS-1-768x512.jpg 768w, https:\/\/honorata-skarbek.com\/wp-content\/uploads\/2023\/03\/Problemy-ze-sluchem-HS-1-18x12.jpg 18w, https:\/\/honorata-skarbek.com\/wp-content\/uploads\/2023\/03\/Problemy-ze-sluchem-HS-1.jpg 1200w\" sizes=\"(max-width: 528px) 100vw, 528px\" \/><\/figure>\n<\/div>\n\n\n<p>A audi\u00e7\u00e3o deve ser cuidada desde a inf\u00e2ncia, para que o risco de perda de audi\u00e7\u00e3o seja significativamente menor. A preven\u00e7\u00e3o \u00e9 de longe a melhor forma de o fazer, pois nem toda a perda auditiva pode ser revertida, e s\u00f3 se pode fazer coisas para compensar. O b\u00e1sico \u00e9 evitar ao m\u00e1ximo o ru\u00eddo - limitar a utiliza\u00e7\u00e3o de auscultadores, n\u00e3o ir a lugares barulhentos como clubes ou discotecas demasiadas vezes, usar sempre protec\u00e7\u00e3o auditiva no trabalho, e n\u00e3o aumentar desnecessariamente o volume na televis\u00e3o ou no equipamento de reprodu\u00e7\u00e3o. \u00c0 medida que envelhece, a sua audi\u00e7\u00e3o torna-se mais suscept\u00edvel a danos, pelo que \u00e9 ainda mais importante evitar factores que aumentem o risco de surdez.<\/p>\n\n\n\n<p>Tamb\u00e9m se deve ter sempre o cuidado de tratar problemas auditivos como quaisquer infec\u00e7\u00f5es auditivas ou respirat\u00f3rias, uma vez que n\u00e3o \u00e9 invulgar a inflama\u00e7\u00e3o n\u00e3o tratada danificar irreversivelmente o \u00f3rg\u00e3o auditivo. \u00c9 tamb\u00e9m importante que a sua audi\u00e7\u00e3o seja verificada mesmo ap\u00f3s uma les\u00e3o menor da cabe\u00e7a ou do ouvido. Ap\u00f3s a idade de 40 anos, recomenda-se que a sua audi\u00e7\u00e3o seja verificada pelo menos de dois em dois anos, e com maior frequ\u00eancia se houver problemas. <\/p>\n\n\n\n<p>Leia: Como cuidar eficazmente da imunidade, do bem-estar e de um sono melhor e experimentar o nosso <strong><a href=\"https:\/\/honorata-skarbek.com\/pt\/astaxkrill\/\" target=\"_blank\" data-type=\"post\" data-id=\"4684\" rel=\"noreferrer noopener\">suplemento inovador<\/a><\/strong>.<\/p>\n\n\n\n<h2 class=\"wp-block-heading\"><span class=\"ez-toc-section\" id=\"Czy_problemy_ze_sluchem_sa_uleczalne\"><\/span>Os problemas auditivos s\u00e3o trat\u00e1veis?<span class=\"ez-toc-section-end\"><\/span><\/h2>\n\n\n\n<p>Infelizmente, muito frequentemente problemas auditivos como a perda de audi\u00e7\u00e3o s\u00e3o irrevers\u00edveis, mas isto depende da causa dos problemas auditivos sentidos. Os especialistas recomendam procurar ajuda o mais cedo poss\u00edvel, quando os sintomas ainda n\u00e3o s\u00e3o t\u00e3o graves, porque quanto mais profunda for a perda auditiva, mais dif\u00edcil ser\u00e1 trat\u00e1-la com sucesso. Para muitas pessoas com defici\u00eancia auditiva, a \u00fanica op\u00e7\u00e3o \u00e9 um aparelho auditivo.<\/p>\n\n\n\n<h2 class=\"wp-block-heading\"><span class=\"ez-toc-section\" id=\"Jak_leczony_jest_niedosluch\"><\/span>Como \u00e9 tratada a perda auditiva?<span class=\"ez-toc-section-end\"><\/span><\/h2>\n\n\n\n<p>Um aparelho auditivo \u00e9 um aparelho que amplifica os sons para que se possa ouvir quase normalmente. A for\u00e7a do aparelho \u00e9 ajustada individualmente ao grau da perda auditiva - \u00e9 melhor n\u00e3o o fazer sozinho, pois pode exagerar e prejudicar ainda mais a sua audi\u00e7\u00e3o. O aparelho auditivo \u00e9 pequeno, de modo que quase nem se nota, e \u00e9 usado atr\u00e1s da orelha ou preso \u00e0 t\u00eampora de um par de \u00f3culos.<\/p>\n\n\n\n<p>Existem tamb\u00e9m m\u00e9todos cir\u00fargicos para problemas auditivos, para pessoas que sofreram perda de audi\u00e7\u00e3o devido a defeitos e danos na anatomia do ouvido. Tamb\u00e9m existem por vezes implantes auditivos, mas esta \u00e9 uma opera\u00e7\u00e3o muito cara e nem todos se qualificam para ela - os tratamentos incluem regenera\u00e7\u00e3o dos oss\u00edculos, reconstru\u00e7\u00e3o do t\u00edmpano ou alargamento do canal auditivo, entre outros. Os medicamentos para melhorar a audi\u00e7\u00e3o s\u00e3o utilizados muito raramente e este \u00e9 principalmente o caso desta perda auditiva ligeira, mas podem ser utilizados suplementos com vitaminas e minerais que <strong><a href=\"https:\/\/honorata-skarbek.com\/pt\/collagent\/\" target=\"_blank\" data-type=\"post\" data-id=\"3690\" rel=\"noreferrer noopener\">inibir o processo de envelhecimento<\/a><\/strong>.<\/p>\n\n\n\n<h2 class=\"wp-block-heading\"><span class=\"ez-toc-section\" id=\"Jak_zbadac_czy_mam_niedosluch\"><\/span>Como testar se tenho uma perda auditiva?<span class=\"ez-toc-section-end\"><\/span><\/h2>\n\n\n\n<p><a href=\"https:\/\/www.nia.nih.gov\/health\/hearing-loss-common-problem-older-adults\" target=\"_blank\" data-type=\"URL\" data-id=\"https:\/\/www.nia.nih.gov\/health\/hearing-loss-common-problem-older-adults\" rel=\"noreferrer noopener\">Perda de audi\u00e7\u00e3o <\/a>\u00e9 examinado microscopicamente para avaliar com precis\u00e3o o estado do \u00f3rg\u00e3o, a extens\u00e3o das les\u00f5es e o estado do t\u00edmpano. Por vezes, a audi\u00e7\u00e3o \u00e9 grandemente melhorada atrav\u00e9s da remo\u00e7\u00e3o profissional da cera que est\u00e1 a obstruir o canal auditivo - isto n\u00e3o deve ser feito por si s\u00f3, pois pode inadvertidamente danificar o t\u00edmpano ou causar uma infec\u00e7\u00e3o do ouvido.<\/p>\n\n\n\n<div class=\"wp-block-media-text alignwide is-stacked-on-mobile\" style=\"grid-template-columns:32% auto\"><figure class=\"wp-block-media-text__media\"><img decoding=\"async\" width=\"799\" height=\"799\" src=\"https:\/\/honorata-skarbek.com\/wp-content\/uploads\/2023\/03\/Problemy-ze-sluchem-EV-HS.jpg\" alt=\"Testes auditivos\" class=\"wp-image-5370 size-full\" title=\"\" srcset=\"https:\/\/honorata-skarbek.com\/wp-content\/uploads\/2023\/03\/Problemy-ze-sluchem-EV-HS.jpg 799w, https:\/\/honorata-skarbek.com\/wp-content\/uploads\/2023\/03\/Problemy-ze-sluchem-EV-HS-300x300.jpg 300w, https:\/\/honorata-skarbek.com\/wp-content\/uploads\/2023\/03\/Problemy-ze-sluchem-EV-HS-150x150.jpg 150w, https:\/\/honorata-skarbek.com\/wp-content\/uploads\/2023\/03\/Problemy-ze-sluchem-EV-HS-768x768.jpg 768w, https:\/\/honorata-skarbek.com\/wp-content\/uploads\/2023\/03\/Problemy-ze-sluchem-EV-HS-12x12.jpg 12w\" sizes=\"(max-width: 799px) 100vw, 799px\" \/><\/figure><div class=\"wp-block-media-text__content\">\n<p>Se ocorrerem problemas auditivos, deve ser realizado um teste b\u00e1sico como a audiometria tonal, e recomenda-se que isto seja feito profilaticamente para todos os cidad\u00e3os idosos, mesmo que ainda n\u00e3o estejam a sentir sintomas de perda de audi\u00e7\u00e3o. A vantagem destes testes \u00e9 que d\u00e3o resultados objectivos sobre a qualidade da audi\u00e7\u00e3o - n\u00e3o \u00e9 apenas a impress\u00e3o do paciente de boa ou m\u00e1 audi\u00e7\u00e3o, mas um n\u00edvel limite em decib\u00e9is \u00e9 determinado de acordo com uma escala. Em casos mais avan\u00e7ados, um teste inform\u00e1tico especializado pode adicionalmente ser encomendado. Uma vez obtidos os resultados, o m\u00e9dico prop\u00f5e o m\u00e9todo de tratamento ideal para satisfazer as expectativas e necessidades do paciente.<\/p>\n<\/div><\/div>\n\n\n\n<p>Outros factores de sa\u00fade devem tamb\u00e9m ser considerados na avalia\u00e7\u00e3o auditiva, uma vez que o risco de perda de audi\u00e7\u00e3o \u00e9 maior em doentes com aterosclerose, diabetes, hipertens\u00e3o, doen\u00e7a arterial coron\u00e1ria. O risco \u00e9 tamb\u00e9m aumentado quando se tomam medicamentos otot\u00f3xicos, que afectam negativamente a c\u00f3clea.<\/p>\n\n\n\n<h2 class=\"wp-block-heading\"><span class=\"ez-toc-section\" id=\"Co_daje_leczenie_sluchu\"><\/span>O que \u00e9 que o tratamento auditivo oferece?<span class=\"ez-toc-section-end\"><\/span><\/h2>\n\n\n\n<p>Lidar com a perda auditiva tem uma s\u00e9rie de benef\u00edcios para o paciente. Permite-lhe regressar ao contacto normal com outras pessoas, retira o stress das situa\u00e7\u00f5es quotidianas quando o idoso tem medo de voltar a perder algo, retarda a perda de audi\u00e7\u00e3o, previne a dem\u00eancia e a perda de fala. Os desenvolvimentos m\u00e9dicos s\u00e3o agora tais que \u00e9 f\u00e1cil combinar o m\u00e9todo de tratamento adequado para si, que \u00e9 confort\u00e1vel e livre de efeitos secund\u00e1rios indesejados, bem como financeiramente acess\u00edvel.<\/p>","protected":false},"excerpt":{"rendered":"<p>Os problemas auditivos podem ser combatidos? A audi\u00e7\u00e3o \u00e9 um dos sentidos humanos b\u00e1sicos e mais importantes. Muitas vezes deteriora-se com a idade, por vezes ao ponto de um idoso j\u00e1 n\u00e3o poder ouvir de todo, ou pode experimentar surdez como resultado de les\u00e3o ou doen\u00e7a. Contudo, a perda de audi\u00e7\u00e3o n\u00e3o tem de ser uma consequ\u00eancia inevit\u00e1vel do envelhecimento, e uma interven\u00e7\u00e3o r\u00e1pida pode evitar estas piores consequ\u00eancias. O que desencadeia ... <a title=\"Problemas auditivos - Como combater a perda de audi\u00e7\u00e3o e o zumbido\" class=\"read-more\" href=\"https:\/\/honorata-skarbek.com\/pt\/problemas-de-audicao\/\" aria-label=\"Mais em Problemas de audi\u00e7\u00e3o - Como combater a perda de audi\u00e7\u00e3o e o zumbido\">Ler mais<\/a><\/p>","protected":false},"author":2,"featured_media":5355,"comment_status":"open","ping_status":"open","sticky":false,"template":"","format":"standard","meta":{"footnotes":""},"categories":[21],"tags":[595,594,596],"class_list":["post-5353","post","type-post","status-publish","format-standard","has-post-thumbnail","hentry","category-zdrowie","tag-jak-dbac-o-sluch","tag-problemy-ze-sluchem","tag-szumy-uszne"],"_links":{"self":[{"href":"https:\/\/honorata-skarbek.com\/pt\/wp-json\/wp\/v2\/posts\/5353","targetHints":{"allow":["GET"]}}],"collection":[{"href":"https:\/\/honorata-skarbek.com\/pt\/wp-json\/wp\/v2\/posts"}],"about":[{"href":"https:\/\/honorata-skarbek.com\/pt\/wp-json\/wp\/v2\/types\/post"}],"author":[{"embeddable":true,"href":"https:\/\/honorata-skarbek.com\/pt\/wp-json\/wp\/v2\/users\/2"}],"replies":[{"embeddable":true,"href":"https:\/\/honorata-skarbek.com\/pt\/wp-json\/wp\/v2\/comments?post=5353"}],"version-history":[{"count":0,"href":"https:\/\/honorata-skarbek.com\/pt\/wp-json\/wp\/v2\/posts\/5353\/revisions"}],"wp:featuredmedia":[{"embeddable":true,"href":"https:\/\/honorata-skarbek.com\/pt\/wp-json\/wp\/v2\/media\/5355"}],"wp:attachment":[{"href":"https:\/\/honorata-skarbek.com\/pt\/wp-json\/wp\/v2\/media?parent=5353"}],"wp:term":[{"taxonomy":"category","embeddable":true,"href":"https:\/\/honorata-skarbek.com\/pt\/wp-json\/wp\/v2\/categories?post=5353"},{"taxonomy":"post_tag","embeddable":true,"href":"https:\/\/honorata-skarbek.com\/pt\/wp-json\/wp\/v2\/tags?post=5353"}],"curies":[{"name":"wp","href":"https:\/\/api.w.org\/{rel}","templated":true}]}}